{"id":3590,"date":"2024-07-22T07:51:53","date_gmt":"2024-07-22T05:51:53","guid":{"rendered":"https:\/\/almanachnaturo.fr\/?p=3590"},"modified":"2024-09-29T20:15:34","modified_gmt":"2024-09-29T18:15:34","slug":"naturellement-sans-gluten-les-farines-de-fruits-et-legumes","status":"publish","type":"post","link":"https:\/\/almanachnaturo.fr\/?p=3590","title":{"rendered":"Naturellement sans gluten :  les farines de fruits et l\u00e9gumes"},"content":{"rendered":"<p><img loading=\"lazy\" decoding=\"async\" class=\"wp-image-3656 alignleft\" src=\"https:\/\/almanachnaturo.fr\/wp-content\/uploads\/2024\/07\/Farines-de-fruits-et-legumes-1024x629.jpeg\" alt=\"\" width=\"396\" height=\"243\" srcset=\"https:\/\/almanachnaturo.fr\/wp-content\/uploads\/2024\/07\/Farines-de-fruits-et-legumes-1024x629.jpeg 1024w, https:\/\/almanachnaturo.fr\/wp-content\/uploads\/2024\/07\/Farines-de-fruits-et-legumes-300x184.jpeg 300w, https:\/\/almanachnaturo.fr\/wp-content\/uploads\/2024\/07\/Farines-de-fruits-et-legumes-768x472.jpeg 768w, https:\/\/almanachnaturo.fr\/wp-content\/uploads\/2024\/07\/Farines-de-fruits-et-legumes-1536x944.jpeg 1536w, https:\/\/almanachnaturo.fr\/wp-content\/uploads\/2024\/07\/Farines-de-fruits-et-legumes-2048x1258.jpeg 2048w\" sizes=\"auto, (max-width: 396px) 100vw, 396px\" \/>Lorsque l&rsquo;on parle de farines naturellement sans gluten, on pense g\u00e9n\u00e9ralement aux farines de c\u00e9r\u00e9ales comme celles de riz, de ma\u00efs, de quinoa ou encore de sarrasin (bien que ces deux derni\u00e8res soient plut\u00f4t des \u00ab\u00a0pseudo-c\u00e9r\u00e9ales\u00a0\u00bb)&#8230; Mais derni\u00e8rement, je me suis rendue compte qu&rsquo;il y avait bien d&rsquo;autres types farines dont on parle moins, et parmi elles, un choix incroyable provenant de <strong><span style=\"color: #ff6600;\">fruits et l\u00e9gumes<\/span>.<\/strong><!--more--><\/p>\n<p>Si elles ont attir\u00e9 mon attention, c&rsquo;est bien s\u00fbr parce que les fruits et l\u00e9gumes font partie de \u00ab\u00a0l&rsquo;alimentation sp\u00e9cifique\u00a0\u00bb base pr\u00e9conis\u00e9e par les naturopathes, tandis que les c\u00e9r\u00e9ales sont des des aliments \u00e0 consommer plus mod\u00e9r\u00e9ment. Aussi, la plupart des <strong>farines de fruits et l\u00e9gumes <\/strong>lorsqu&rsquo;elles sont brutes, peu transform\u00e9es, bio, s&rsquo;accordent assez bien avec ces pr\u00e9conisations. Saines, digestes, riches en nutriments, savoureuses, elles offrent des possibilit\u00e9s infinies pour varier son assiette.<\/p>\n<p>Je vous propose ici de les d\u00e9couvrir, avec des conseils, des astuces, pour bien les employer. Vous verrez que certaines recettes que vous trouverez ici sont bien en phase avec la naturo, d&rsquo;autres constituent clairement de vrais \u00e9carts mais ont l&rsquo;avantage d&rsquo;\u00eatre r\u00e9alis\u00e9es maison avec des ingr\u00e9dients 100 % naturels, bio et majoritairement bruts !<\/p>\n<p><em>=&gt; Notez que les descriptions, propri\u00e9t\u00e9s, dosages, utilisations que je partage sont donn\u00e9s \u00e0 titre indicatif et peuvent varier selon les marques ! V\u00e9rifiez et respectez leurs consignes (quantit\u00e9 journali\u00e8re, utilisation possible crue ou usage uniquement destin\u00e9 \u00e0 la cuisson&#8230;), v\u00e9rifiez leurs contre-indications \u00e9ventuelles ( pour les graines de lin ou le psyllium par exemple). Si vous \u00eates malade co\u00e9liaque assurez-vous que les produits choisis soient certifi\u00e9s sans gluten, et demandez conseil \u00e0 un professionnel de sant\u00e9.<\/em><\/p>\n<p><span style=\"color: #ff6600;\"><b><br \/>\nG\u00c9N\u00c9RALIT\u00c9S SUR LES FARINES SANS GLUTEN<\/b><\/span><\/p>\n<p>Il faut d&rsquo;abord savoir que ce qui donne du gonflant aux g\u00e2teaux, de l&rsquo;\u00e9lasticit\u00e9 aux pr\u00e9parations, de la tenue aux p\u00e2tes \u00e0 tarte c&rsquo;est le gluten, une prot\u00e9ine naturellement pr\u00e9sente dans les farines <img loading=\"lazy\" decoding=\"async\" class=\" wp-image-3610 alignright\" src=\"https:\/\/almanachnaturo.fr\/wp-content\/uploads\/2024\/07\/Farine-de-banane-verte-280x300.jpeg\" alt=\"\" width=\"252\" height=\"270\" srcset=\"https:\/\/almanachnaturo.fr\/wp-content\/uploads\/2024\/07\/Farine-de-banane-verte-280x300.jpeg 280w, https:\/\/almanachnaturo.fr\/wp-content\/uploads\/2024\/07\/Farine-de-banane-verte-955x1024.jpeg 955w, https:\/\/almanachnaturo.fr\/wp-content\/uploads\/2024\/07\/Farine-de-banane-verte-768x823.jpeg 768w, https:\/\/almanachnaturo.fr\/wp-content\/uploads\/2024\/07\/Farine-de-banane-verte-1433x1536.jpeg 1433w, https:\/\/almanachnaturo.fr\/wp-content\/uploads\/2024\/07\/Farine-de-banane-verte-1911x2048.jpeg 1911w\" sizes=\"auto, (max-width: 252px) 100vw, 252px\" \/>de bl\u00e9, orge, seigle, \u00e9peautre, avoine entre-autres. Une farine exempt de gluten, si l&rsquo;on ne connait pas quelques astuces pour bien l&rsquo;utiliser, peut donner des r\u00e9sultats d\u00e9cevants avec des textures moins a\u00e9r\u00e9es, cassantes, friables, denses&#8230;<\/p>\n<p><span style=\"color: #ff6600;\"><strong>Comment obtenir de belles textures avec les farines sans gluten dans vos recettes ?<\/strong><\/span><\/p>\n<p>Voici ce que je fais :<br \/>\n&gt;J&rsquo;associe souvent la farine sans gluten avec de la poudre d&rsquo;amande, cela donne du moelleux et de l&rsquo;humidit\u00e9 \u00e0 une farine trop s\u00e8che, une texture de velours aux g\u00e2teaux et cakes.<br \/>\n&gt;J&rsquo;utilise de la poudre \u00e0 lever sans gluten ou du bicarbonate de soude alimentaire pour obtenir une texture plus a\u00e9r\u00e9e.<br \/>\n&gt;Je m\u00e9lange des farines neutres et l\u00e9g\u00e8res ( farine de riz&#8230;) avec des farines plus denses (ch\u00e2taigne, sorgho&#8230;).<br \/>\n&gt;Lorsque je veux r\u00e9aliser une recette sans c\u00e9r\u00e9ales ni l\u00e9gumineuses, j&rsquo;utilise parfois la f\u00e9cule de pomme de terre associ\u00e9e \u00e0 une farine de fruits ou l\u00e9gumes.<br \/>\n&gt; Le psyllium blond alimentaire permet de donner du liant et une texture plus moelleuses aux pr\u00e9parations, il aide aussi \u00e0 une meilleure lev\u00e9e des pains et g\u00e2teaux (bien respecter les quantit\u00e9s et pr\u00e9cautions indiqu\u00e9es par les fabricants et v\u00e9rifier ses contre-indications ! ).<br \/>\n&gt;Dans les magasins bio vous trouvez aussi de la gomme de guar qui am\u00e9liore l&rsquo;\u00e9lasticit\u00e9 de la p\u00e2te.<br \/>\n&gt;Pour les pains, p\u00e2te \u00e0 pizza, recettes plus difficiles \u00e0 travailler, vous pouvez vous procurer des \u00ab\u00a0mix\u00a0\u00bb de farines sans gluten destin\u00e9s \u00e0 faciliter leur pr\u00e9paration, leur lev\u00e9e, ainsi que des levures et levains sans gluten.<\/p>\n<p><strong><br \/>\n<span style=\"color: #ff6600;\">LES FARINES DE FRUITS ET L\u00c9GUMES<\/span><\/strong><\/p>\n<p>De mani\u00e8re g\u00e9n\u00e9rale il suffit de d\u00e9shydrater un aliment et de le moudre pour lui donner l&rsquo;appellation \u00ab\u00a0farine\u00a0\u00bb, ce qui explique la multitude de produits que l&rsquo;on peut se procurer.<\/p>\n<p>Les diff\u00e9rentes cat\u00e9gories de farines de fruits et l\u00e9gumes :<br \/>\n<strong>-Les farine de fruits ol\u00e9agineux<\/strong> : coco, amande&#8230;<br \/>\n<strong>-Les farine de fruits contenant des amidons<\/strong> : banane, ch\u00e2taigne&#8230;<br \/>\n<strong>-Les farines de l\u00e9gumes, tubercules<\/strong> : patate douce, manioc, souchet&#8230;<br \/>\n<strong>-Les farines de graines ol\u00e9agineuses<\/strong> : lin, chanvre&#8230; Bien qu&rsquo;elles ne soient issues ni de fruits, ni de l\u00e9gumes, j&rsquo;en parle aussi ici car ce ne sont pas des c\u00e9r\u00e9ales, ni des l\u00e9gumineuses, et elles rentrent \u00e9galement dans le cadre des aliments conseill\u00e9s par les naturopathes.<\/p>\n<p>Tout ce choix est tr\u00e8s attractif mais noter que ces farines ne s&rsquo;utilisent pas tout \u00e0 fait de la m\u00eame mani\u00e8re que la farine habituelle. Certaines s&#8217;emploient avec parcimonie, en petite quantit\u00e9, d&rsquo;autres encore s&rsquo;utilisent presque comme une farine classique, sachant comme expliqu\u00e9 plus haut qu&rsquo;elles ne r\u00e9agissent pas de la m\u00eame mani\u00e8re. C&rsquo;est pourquoi on les m\u00e9lange \u00e0 souvent \u00e0 d&rsquo;autres farines sans gluten pour obtenir le r\u00e9sultat d\u00e9sir\u00e9. Certaines de ces farines peuvent s&#8217;employer \u00e0 cru, utilisation probablement la plus int\u00e9ressante, ce qui n&rsquo;est pas le cas avec les farines de c\u00e9r\u00e9ales qu&rsquo;il faut toujours cuire. Bref ce sont des ingr\u00e9dients merveilleux mais qu&rsquo;il s&rsquo;agit d&rsquo;apprivoiser pour en tirer le meilleur !<\/p>\n<p><span style=\"color: #ff6600;\"><strong>Les avantages des farines de fruits et l\u00e9gumes :<\/strong><\/span><\/p>\n<ul>\n<li>Naturellement sans gluten.<\/li>\n<li>La plupart sont tr\u00e8s riches en fibres (\u00e0 prendre en compte si vous y \u00eates sensible au niveau digestif).<\/li>\n<li>De mani\u00e8re g\u00e9n\u00e9rale plut\u00f4t alcalinisantes, moins acidifiantes que les farines de c\u00e9r\u00e9ales ou de l\u00e9gumineuses.<\/li>\n<li>Index glyc\u00e9mique bas pour la plupart, tandis que les farines de c\u00e9r\u00e9ales ont souvent un index glyc\u00e9mique \u00e9lev\u00e9 ce qui signifie qu&rsquo;elles augmentent le taux de sucre dans le sang.<\/li>\n<li>Certaines farines peuvent \u00eatre utilis\u00e9e \u00e0 froid ou crues (v\u00e9rifier cet usage avec la marque). Utilis\u00e9es comme un super-aliment elles enrichissent toutes sortes de pr\u00e9parations, permettent la r\u00e9alisation de recettes crues, tout en apportant un \u00e9ventail de nutriments.<\/li>\n<li>Beaucoup ont des qualit\u00e9s nutritionnelles tr\u00e8s int\u00e9ressantes par exemple des om\u00e9ga-3 pour la farine de lin, prot\u00e9ines pour la farine d&rsquo;amande ou de chanvre&#8230;<\/li>\n<li>Leur go\u00fbt, couleur, texture, permettent de varier les recettes, invitent \u00e0 la cr\u00e9ativit\u00e9, et permettent de composer de d\u00e9licieuses pr\u00e9parations.<\/li>\n<\/ul>\n<p><span style=\"color: #ff6600;\"><strong><br \/>\nLA FARINE DE COCO<\/strong><\/span><\/p>\n<p><img loading=\"lazy\" decoding=\"async\" class=\"size-medium wp-image-3621 alignleft\" src=\"https:\/\/almanachnaturo.fr\/wp-content\/uploads\/2024\/07\/Farine-de-coco-259x300.jpeg\" alt=\"\" width=\"259\" height=\"300\" srcset=\"https:\/\/almanachnaturo.fr\/wp-content\/uploads\/2024\/07\/Farine-de-coco-259x300.jpeg 259w, https:\/\/almanachnaturo.fr\/wp-content\/uploads\/2024\/07\/Farine-de-coco-883x1024.jpeg 883w, https:\/\/almanachnaturo.fr\/wp-content\/uploads\/2024\/07\/Farine-de-coco-768x891.jpeg 768w, https:\/\/almanachnaturo.fr\/wp-content\/uploads\/2024\/07\/Farine-de-coco-1325x1536.jpeg 1325w, https:\/\/almanachnaturo.fr\/wp-content\/uploads\/2024\/07\/Farine-de-coco-1766x2048.jpeg 1766w\" sizes=\"auto, (max-width: 259px) 100vw, 259px\" \/>Ce n&rsquo;est pas exactement une farine, mais plut\u00f4t une fibre. Elle est fabriqu\u00e9e \u00e0 partir de la pulpe de la noix de coco dont on a extrait l&rsquo;huile, puis est ensuite d\u00e9shydrat\u00e9e et moulue. On peut trouver sur le march\u00e9 des farines de coco de qualit\u00e9 crue, s\u00e9ch\u00e9es \u00e0 basse temp\u00e9rature.<\/p>\n<p>La farine de coco est donc riche en fibres, elle poss\u00e8de un index glyc\u00e9mique bas, contient naturellement des prot\u00e9ines, peu de mati\u00e8re grasse et peu de glucides .<\/p>\n<p>Son go\u00fbt tr\u00e8s doux, moins prononc\u00e9 que la noix de coco r\u00e2p\u00e9e, l\u00e9g\u00e8rement sucr\u00e9, apporte une d\u00e9licieuse note exotique aux pr\u00e9parations. De couleur blanche, elle ne teinte pas les pr\u00e9parations. Sa consistance tr\u00e8s absorbante fait qu&rsquo;on l&#8217;emploie plut\u00f4t en m\u00e9lange avec une autre farine pour les recettes type pains, g\u00e2teaux, cakes etc. auxquels elle donne du moelleux. Comme elle gonfle au contact d&rsquo;un liquide, elle permet d&rsquo;\u00e9paissir, de donner de la consistance aux boissons, sauces, soupes, entremets&#8230;<\/p>\n<p><strong>Ses atouts \u00a0<\/strong><\/p>\n<figure id=\"attachment_3598\" aria-describedby=\"caption-attachment-3598\" style=\"width: 225px\" class=\"wp-caption alignright\"><img loading=\"lazy\" decoding=\"async\" class=\"wp-image-3598 size-medium\" src=\"https:\/\/almanachnaturo.fr\/wp-content\/uploads\/2024\/07\/Lassi-peche-225x300.jpeg\" alt=\"\" width=\"225\" height=\"300\" srcset=\"https:\/\/almanachnaturo.fr\/wp-content\/uploads\/2024\/07\/Lassi-peche-225x300.jpeg 225w, https:\/\/almanachnaturo.fr\/wp-content\/uploads\/2024\/07\/Lassi-peche-768x1024.jpeg 768w, https:\/\/almanachnaturo.fr\/wp-content\/uploads\/2024\/07\/Lassi-peche-1152x1536.jpeg 1152w, https:\/\/almanachnaturo.fr\/wp-content\/uploads\/2024\/07\/Lassi-peche-1536x2048.jpeg 1536w, https:\/\/almanachnaturo.fr\/wp-content\/uploads\/2024\/07\/Lassi-peche-scaled.jpeg 1920w\" sizes=\"auto, (max-width: 225px) 100vw, 225px\" \/><figcaption id=\"caption-attachment-3598\" class=\"wp-caption-text\">Lassi v\u00e9g\u00e9tal \u00e0 la farine de coco p\u00eache cannelle<\/figcaption><\/figure>\n<p>&gt;Avec son go\u00fbt naturellement sucr\u00e9 elle adoucit les pr\u00e9parations et limite les ajouts de sucre.<br \/>\n&gt;D\u00e9graiss\u00e9e, elle permet de r\u00e9aliser des pr\u00e9parations plus l\u00e9g\u00e8res tout en ajoutant de la texture et de la saveur.<br \/>\n&gt;C&rsquo;est un ingr\u00e9dient de choix pour confectionner des boissons ou des pr\u00e9parations prot\u00e9in\u00e9es pour les sportifs, les v\u00e9g\u00e9tariens&#8230;<br \/>\n&gt;Dans le cadre d&rsquo;un r\u00e9gime ou d&rsquo;une restriction alimentaire, elle peut aussi trouver sa place sachant que ses fibres et prot\u00e9ines peuvent aider \u00e0 apporter de la sati\u00e9t\u00e9.<\/p>\n<p><strong>Utilisations\/id\u00e9es<\/strong><\/p>\n<p><em><img loading=\"lazy\" decoding=\"async\" class=\" wp-image-3649 alignleft\" src=\"https:\/\/almanachnaturo.fr\/wp-content\/uploads\/2024\/07\/Porridge-coco-fruits-279x300.jpeg\" alt=\"\" width=\"225\" height=\"242\" srcset=\"https:\/\/almanachnaturo.fr\/wp-content\/uploads\/2024\/07\/Porridge-coco-fruits-279x300.jpeg 279w, https:\/\/almanachnaturo.fr\/wp-content\/uploads\/2024\/07\/Porridge-coco-fruits-952x1024.jpeg 952w, https:\/\/almanachnaturo.fr\/wp-content\/uploads\/2024\/07\/Porridge-coco-fruits-768x826.jpeg 768w, https:\/\/almanachnaturo.fr\/wp-content\/uploads\/2024\/07\/Porridge-coco-fruits-1427x1536.jpeg 1427w, https:\/\/almanachnaturo.fr\/wp-content\/uploads\/2024\/07\/Porridge-coco-fruits-1903x2048.jpeg 1903w\" sizes=\"auto, (max-width: 225px) 100vw, 225px\" \/>Les quantit\u00e9s conseill\u00e9es \u00e0 ne pas d\u00e9passer sont de 1 \u00e0 2 cuill\u00e8res par jour.<br \/>\n<\/em><em>\u00c0 incorporer dans toutes vos recettes en la m\u00e9langeant \u00e0 d&rsquo;autres farines sans gluten.<\/em><\/p>\n<p style=\"text-align: left;\">&gt;Dans les pains, cakes, g\u00e2teaux, brownies, cookies, sabl\u00e9es, rochers coco, gaufres, cr\u00eapes, pancakes moelleux&#8230;<br \/>\n&gt;On peut l&rsquo;utiliser pour donner du go\u00fbt et de la consistance aux flans, cr\u00e8mes desserts, puddings&#8230;<br \/>\n\n<table id=\"tablepress-26\" class=\"tablepress tablepress-id-26\">\n<thead>\n<tr class=\"row-1\">\n\t<th class=\"column-1\">\"Porridge\" de coco <br \/>\n<br \/>\nM\u00e9langez \u00e0 froid de la farine de coco \u00e0 un lait v\u00e9g\u00e9tal ou m\u00eame \u00e0 de l'eau, (environ 1c. \u00e0 soupe de farine de coco pour 1 verre de liquide pour 1 personne) laissez \u00e9paissir au frais jusqu'au lendemain. On peut aussi cuire l'ensemble pour une pr\u00e9paration plus consistante, r\u00e9confortante, en hiver par exemple. Agr\u00e9mentez de fruits, graines, noix, yaourt, compote, miel...<br \/>\n<\/th>\n<\/tr>\n<\/thead>\n<tbody class=\"row-striping row-hover\">\n<\/tbody>\n<\/table>\n<!-- #tablepress-26 from cache --><br \/>\n&gt;Et pourquoi ne pas l&rsquo;incorporer dans une soupe exotique, ou une sauce sucr\u00e9e-sal\u00e9e&#8230;<br \/>\n&gt;Avec \u00a0plupart des marques on peut l&rsquo;utiliser \u00e0 froid en la saupoudrant directement sur une compote, un laitage, pour enrichir un smoothie, un lassi&#8230; <span style=\"color: #ff6600;\"><em><a href=\"https:\/\/almanachnaturo.fr\/?p=3600\">Recette Lassi v\u00e9g\u00e9tal amande coco p\u00eache<\/a> <\/em><\/span><br \/>\nMix\u00e9e avec de l&rsquo;eau on obtient un d\u00e9licieux lait v\u00e9g\u00e9tal, \u00e0 consommer nature ou comme base de boissons chaudes, froides, de latte&#8230;<br \/>\nComme elle \u00e9paissit au contact d&rsquo;un liquide, on peut r\u00e9aliser de d\u00e9licieux smoothies bowls, des porridges <em>raw<\/em>&#8230;<br \/>\n&gt;Choisie de qualit\u00e9 crue, on r\u00e9alise des recettes 100% crues, riches en enzymes et nutriments. Combin\u00e9e \u00e0 des dattes, des noisettes, ou des amandes hach\u00e9es, \u00e0 du cacao cru, on confectionne des \u00e9nergies balls, des raw barres, ou encore des fonds de tartes raw \u00e0 garnir de fruits frais&#8230;<\/p>\n<p><strong style=\"color: #ff6600;\"><br \/>\n<img loading=\"lazy\" decoding=\"async\" class=\" wp-image-3610 alignleft\" src=\"https:\/\/almanachnaturo.fr\/wp-content\/uploads\/2024\/07\/Farine-de-banane-verte-280x300.jpeg\" alt=\"\" width=\"205\" height=\"220\" srcset=\"https:\/\/almanachnaturo.fr\/wp-content\/uploads\/2024\/07\/Farine-de-banane-verte-280x300.jpeg 280w, https:\/\/almanachnaturo.fr\/wp-content\/uploads\/2024\/07\/Farine-de-banane-verte-955x1024.jpeg 955w, https:\/\/almanachnaturo.fr\/wp-content\/uploads\/2024\/07\/Farine-de-banane-verte-768x823.jpeg 768w, https:\/\/almanachnaturo.fr\/wp-content\/uploads\/2024\/07\/Farine-de-banane-verte-1433x1536.jpeg 1433w, https:\/\/almanachnaturo.fr\/wp-content\/uploads\/2024\/07\/Farine-de-banane-verte-1911x2048.jpeg 1911w\" sizes=\"auto, (max-width: 205px) 100vw, 205px\" \/>LA FARINE DE BANANE VERTE<\/strong><\/p>\n<p>La farine de banane verte provient simplement de la banane s\u00e9ch\u00e9e et r\u00e9duite en poudre.<\/p>\n<p>Elle est riche en fibres et poss\u00e8de un faible indice glyc\u00e9mique. Elle apporte des vitamines A, C, B6, est riche en potassium et magn\u00e9sium.<\/p>\n<p>Son go\u00fbt plut\u00f4t discret n&rsquo;apporte pas de saveur de banane marqu\u00e9e aux pr\u00e9parations. Elle a un l\u00e9ger effet liant et gonflant et donne une texture moelleuse aux g\u00e2teaux et cakes.<\/p>\n<p><strong>Ses atouts<br \/>\n<\/strong><br \/>\n&gt;C&rsquo;est probablement la farine la plus int\u00e9ressante du point de vue de la naturopathie car elle provient d&rsquo;un fruit cette fois ci non ol\u00e9agineux (ces derniers bien qu&rsquo;ayant des propri\u00e9t\u00e9s tr\u00e8s b\u00e9n\u00e9fiques restent des aliments riches \u00e0 consommer en quantit\u00e9 mod\u00e9r\u00e9e).<br \/>\n&gt; C&rsquo;est une farine l\u00e9g\u00e8re, pauvre en gras et glucides.<br \/>\n&gt;La majorit\u00e9 des marques pouvant \u00eatre consomm\u00e9es \u00e0 froid, elle est tr\u00e8s polyvalente, s&rsquo;inclue facilement dans tout type de pr\u00e9paration.<br \/>\n&gt;Elle permet de composer des desserts 100% farine de fruits<em>\u00a0<\/em> &#8211; c&rsquo;est \u00e0 dire sans c\u00e9r\u00e9ale, ni l\u00e9gumineuse ou tubercule&#8230;<\/p>\n<p><strong>Utilisation\/id\u00e9es<\/strong><\/p>\n<p><em>On peut l&rsquo;utiliser seule ou m\u00e9lang\u00e9e \u00e0 d&rsquo;autres farines.<\/em><\/p>\n<figure id=\"attachment_3594\" aria-describedby=\"caption-attachment-3594\" style=\"width: 225px\" class=\"wp-caption alignright\"><img loading=\"lazy\" decoding=\"async\" class=\"wp-image-3594 size-medium\" src=\"https:\/\/almanachnaturo.fr\/wp-content\/uploads\/2024\/07\/Banana-bread-5-225x300.jpeg\" alt=\"\" width=\"225\" height=\"300\" srcset=\"https:\/\/almanachnaturo.fr\/wp-content\/uploads\/2024\/07\/Banana-bread-5-225x300.jpeg 225w, https:\/\/almanachnaturo.fr\/wp-content\/uploads\/2024\/07\/Banana-bread-5-768x1024.jpeg 768w, https:\/\/almanachnaturo.fr\/wp-content\/uploads\/2024\/07\/Banana-bread-5-1152x1536.jpeg 1152w, https:\/\/almanachnaturo.fr\/wp-content\/uploads\/2024\/07\/Banana-bread-5-1536x2048.jpeg 1536w, https:\/\/almanachnaturo.fr\/wp-content\/uploads\/2024\/07\/Banana-bread-5-scaled.jpeg 1920w\" sizes=\"auto, (max-width: 225px) 100vw, 225px\" \/><figcaption id=\"caption-attachment-3594\" class=\"wp-caption-text\">Banana bread 100% farine de fruits<\/figcaption><\/figure>\n<p>&gt;\u00c0 froid pour enrichir et donner de la texture \u00e0 une boisson, un smoothie, un lassi&#8230;<br \/>\n&gt;A chaud pour \u00e9paissir une sauce, une soupe, une cr\u00e8me dessert, un flan&#8230;<br \/>\n&gt;Dans les pains, g\u00e2teaux, cakes, muffins, brownies, cr\u00eapes, pancakes.. <a href=\"https:\/\/almanachnaturo.fr\/?p=3606\"><em style=\"color: #ff6600;\">Recette Banana bread farine 100% fruits<\/em><\/a><\/p>\n<p><span style=\"color: #ff6600;\"><strong><br \/>\nLA FARINE D&rsquo;AMANDE<\/strong><\/span><\/p>\n<p>\u00c0 ne pas confondre avec la poudre d&rsquo;amande ! Ce qui la diff\u00e8rencie c&rsquo;est sa mouture tr\u00e8s fine et le fait qu&rsquo;elle soit d\u00e9shydrat\u00e9e. On trouve deux versions dans le commerce, la farine d&rsquo;amande non d\u00e9shuil\u00e9e et farine d&rsquo;amande d\u00e9shuil\u00e9e.<\/p>\n<p>L&rsquo;amande est consid\u00e9r\u00e9e comme un super-aliment par les naturopathes, \u00a0\u00e0 consommer tout de m\u00eame en quantit\u00e9 raisonnable et \u00e0 choisir crue pour vraiment b\u00e9n\u00e9ficier de ses bienfaits. Cependant noter que la farine d&rsquo;amande n&rsquo;est pas toujours crue.<\/p>\n<p>La farine d&rsquo;amande est riche en fibres, poss\u00e8de un index glyc\u00e9mique bas comme les farines de banane verte et de coco. Elle est \u00e9galement riche en prot\u00e9ines, et contient des min\u00e9raux comme du calcium, du magn\u00e9sium, du fer et du zinc.<\/p>\n<p>Je ne l&rsquo;ai jamais test\u00e9e mais comme j&rsquo;utilise beaucoup d&rsquo;amande en poudre je pense que le r\u00e9sultat doit \u00eatre assez proche, et qu&rsquo;elle doit donner du moelleux aux recettes.<\/p>\n<p><strong>Ses atouts\u00a0<\/strong><\/p>\n<p>&gt;La version d\u00e9shuil\u00e9e peut \u00eatre vraiment int\u00e9ressante pour all\u00e9ger les pr\u00e9parations tout en gardant du moelleux.<br \/>\n&gt;Faible en glucides et riche en fibres, elle est rassasiante et limite les pics de glyc\u00e9mie.<br \/>\n&gt;Elle permet de r\u00e9aliser des pr\u00e9parations et boissons prot\u00e9in\u00e9es pour les sportifs, les v\u00e9g\u00e9tariens, v\u00e9g\u00e9taliens&#8230;<\/p>\n<p><strong>Utilisations\/id\u00e9es<\/strong><\/p>\n<p><em>Elle s&rsquo;utilise rarement seule mais plut\u00f4t en m\u00e9lange avec une autre farine.<\/em><\/p>\n<p>&gt;Dans les pains, p\u00e2tisseries, g\u00e2teaux, muffins, financiers, macarons, cookies, crumble, p\u00e2tes \u00e0 tarte&#8230;<br \/>\n&gt;Dans les clafoutis, cr\u00e8mes desserts, flans auxquels elle donne son bon go\u00fbt d&rsquo;amande et de la texture&#8230;<br \/>\n&gt;Dans les recettes sal\u00e9es pour donner de la consistances aux soupes, aux sauces, pour confectionner des galettes, des terrines v\u00e9g\u00e9tales&#8230;<br \/>\n&gt;Certaines marques peuvent s&rsquo;utiliser crues, \u00e0 froid, pour enrichir un smoothie, r\u00e9aliser un lait d&rsquo;amande, id\u00e9al aussi pour les recettes raw comme des barres \u00e9nergies, ou des \u00e9nergy balls, pour r\u00e9aliser des fonds de tartes crues&#8230;<\/p>\n<p><span style=\"color: #ff6600;\"><strong><br \/>\nLA FARINE DE SOUCHET<\/strong><\/span><\/p>\n<p>Le souchet ou chuffa est un tubercule. R\u00e9colt\u00e9 puis s\u00e9ch\u00e9, il se consomme entier ou r\u00e9duit en farine. Peu connu en France, l&rsquo;horchata de chufa est une boisson traditionnelle d&rsquo;Espagne, c&rsquo;est <img loading=\"lazy\" decoding=\"async\" class=\"size-medium wp-image-3617 alignleft\" src=\"https:\/\/almanachnaturo.fr\/wp-content\/uploads\/2024\/07\/Farine-de-souchet-253x300.jpeg\" alt=\"\" width=\"253\" height=\"300\" srcset=\"https:\/\/almanachnaturo.fr\/wp-content\/uploads\/2024\/07\/Farine-de-souchet-253x300.jpeg 253w, https:\/\/almanachnaturo.fr\/wp-content\/uploads\/2024\/07\/Farine-de-souchet-865x1024.jpeg 865w, https:\/\/almanachnaturo.fr\/wp-content\/uploads\/2024\/07\/Farine-de-souchet-768x909.jpeg 768w, https:\/\/almanachnaturo.fr\/wp-content\/uploads\/2024\/07\/Farine-de-souchet-1297x1536.jpeg 1297w, https:\/\/almanachnaturo.fr\/wp-content\/uploads\/2024\/07\/Farine-de-souchet-1730x2048.jpeg 1730w\" sizes=\"auto, (max-width: 253px) 100vw, 253px\" \/>un genre de lait v\u00e9g\u00e9tal r\u00e9alis\u00e9 \u00e0 partir des graines de souchet enti\u00e8res d\u00e9shydrat\u00e9es. L&rsquo; Espagne est en effet l&rsquo;un des plus gros producteurs de souchet.<\/p>\n<p>La farine de souchet est riche en fibres, poss\u00e8de un index glyc\u00e9mique bas et offre en quantit\u00e9 int\u00e9ressante fer, calcium, potassium, magn\u00e9sium.<\/p>\n<p>Elle a une saveur naturellement sucr\u00e9e aux notes de noisette\/amande, apporte du moelleux aux g\u00e2teaux et pains, de la consistance et de la texture aux entremets.<\/p>\n<p><strong>Ses atouts\u00a0<\/strong><\/p>\n<figure id=\"attachment_3643\" aria-describedby=\"caption-attachment-3643\" style=\"width: 246px\" class=\"wp-caption alignright\"><img loading=\"lazy\" decoding=\"async\" class=\"wp-image-3643\" src=\"https:\/\/almanachnaturo.fr\/wp-content\/uploads\/2024\/07\/Creme-dessert-souchet-285x300.jpeg\" alt=\"\" width=\"246\" height=\"259\" srcset=\"https:\/\/almanachnaturo.fr\/wp-content\/uploads\/2024\/07\/Creme-dessert-souchet-285x300.jpeg 285w, https:\/\/almanachnaturo.fr\/wp-content\/uploads\/2024\/07\/Creme-dessert-souchet-973x1024.jpeg 973w, https:\/\/almanachnaturo.fr\/wp-content\/uploads\/2024\/07\/Creme-dessert-souchet-768x809.jpeg 768w, https:\/\/almanachnaturo.fr\/wp-content\/uploads\/2024\/07\/Creme-dessert-souchet-1459x1536.jpeg 1459w, https:\/\/almanachnaturo.fr\/wp-content\/uploads\/2024\/07\/Creme-dessert-souchet-1945x2048.jpeg 1945w\" sizes=\"auto, (max-width: 246px) 100vw, 246px\" \/><figcaption id=\"caption-attachment-3643\" class=\"wp-caption-text\">Cr\u00e8me dessert \u00e0 la farine de souchet<\/figcaption><\/figure>\n<p>&gt;Elle a un go\u00fbt naturellement doux ce qui permet de limiter les apports de sucre, tout en ayant un index glyc\u00e9mique bas.<br \/>\n&gt;Elle est tr\u00e8s polyvalente permet de r\u00e9aliser un tr\u00e8s grand nombre de pr\u00e9parations simples.<br \/>\n&gt;Son go\u00fbt d\u00e9licieux et doux ne d\u00e9nature pas les recettes et pr\u00e9parations, au contraire elle apporte beaucoup de gourmandise.<\/p>\n<p><strong>Utilisations\/id\u00e9es<\/strong><\/p>\n<p><em>Pour son dosage on conseille de ne pas d\u00e9passer 2 \u00e0 3 cuill\u00e8res par jour.<\/em><\/p>\n<p>&gt;Dans les g\u00e2teaux, les pains (m\u00e9lang\u00e9e \u00e0 une autre farine), muffins, cookies, crumble&#8230;<br \/>\n&gt;Pour des entremets, flans, cr\u00e8mes desserts&#8230;<br \/>\n\n<table id=\"tablepress-24\" class=\"tablepress tablepress-id-24\">\n<thead>\n<tr class=\"row-1\">\n\t<th class=\"column-1\">Cr\u00e8me dessert v\u00e9g\u00e9tale au souchet<br \/>\n<br \/>\nPour une d\u00e9licieuse cr\u00e8me dessert, un peu comme une cr\u00e8me p\u00e2tissi\u00e8re, m\u00e9langez environ 30g de sucre ( de coco ou agave etc.), 500ml de lait d'amande, faites bouillir puis versez 40g de farine de souchet, faites \u00e9paissir en remuant pendant 6\/8mn. La cr\u00e8me doit bien \u00e9paissir. Versez dans des ramequins et mettre au frais. Tr\u00e8s bon. Vous pouvez servir avec des fruits en coulis.<\/th>\n<\/tr>\n<\/thead>\n<tbody class=\"row-striping row-hover\">\n<\/tbody>\n<\/table>\n<!-- #tablepress-24 from cache --><br \/>\n&gt;Certaines marques de farine de souchet peuvent s&rsquo;utiliser crues, directement dans les yaourts, boissons, smoothies bols de c\u00e9r\u00e9ale, salades de fruits, que sa saveur sucr\u00e9e adoucit naturellement.<br \/>\nElle peut aussi \u00eatre saupoudr\u00e9e sur une salade, des l\u00e9gumes, un gratin&#8230;<br \/>\nM\u00e9lang\u00e9e \u00e0 du miel ou un autre sucrant naturel et une pur\u00e9e d&rsquo;ol\u00e9agineux (tahin ou amande par exemple&#8230;) on en fait une p\u00e2te \u00e0 tartiner ( je n&rsquo;ai pas test\u00e9).<\/p>\n\n<table id=\"tablepress-23\" class=\"tablepress tablepress-id-23\">\n<thead>\n<tr class=\"row-1\">\n\t<th class=\"column-1\">Lait v\u00e9g\u00e9tal express de souchet<br \/>\n<br \/>\nSavoureux et onctueux ! Mixez 1c.\u00e0 soupe de farine de souchet consommable cru  + 1 verre d'eau (ajustez la quantit\u00e9 selon la consistance souhait\u00e9e), filtrez la pr\u00e9paration obtenue (utilisez le r\u00e9sidus en l'int\u00e9grant dans une galette v\u00e9g\u00e9tale, dans des muffins...). Vous pouvez utiliser ce \"lait\" tel quel, ou y ajouter du cacao cru, un peu de vanille, ou encore de la cannelle, vous pouvez le chauffer pour un \"latte\" gourmand et  r\u00e9confortant comme un lait d'or, un cha\u00ef, ou l'employer pour r\u00e9aliser des entremets, flans, clafoutis...<br \/>\n<\/th>\n<\/tr>\n<\/thead>\n<tbody class=\"row-striping row-hover\">\n<\/tbody>\n<\/table>\n<!-- #tablepress-23 from cache -->\n<p><span style=\"color: #ff6600;\"><strong><br \/>\nLA FARINE DE CH\u00c2TAIGNE <\/strong><\/span><\/p>\n<p>La ch\u00e2taigne n&rsquo;est pas tout \u00e0 fait un fruit mais plus exactement un ak\u00e8ne, un aliment qui a assur\u00e9 une <img loading=\"lazy\" decoding=\"async\" class=\"size-medium wp-image-3655 alignleft\" src=\"https:\/\/almanachnaturo.fr\/wp-content\/uploads\/2024\/07\/Farine-de-chataigne-258x300.jpeg\" alt=\"\" width=\"258\" height=\"300\" srcset=\"https:\/\/almanachnaturo.fr\/wp-content\/uploads\/2024\/07\/Farine-de-chataigne-258x300.jpeg 258w, https:\/\/almanachnaturo.fr\/wp-content\/uploads\/2024\/07\/Farine-de-chataigne-882x1024.jpeg 882w, https:\/\/almanachnaturo.fr\/wp-content\/uploads\/2024\/07\/Farine-de-chataigne-768x892.jpeg 768w, https:\/\/almanachnaturo.fr\/wp-content\/uploads\/2024\/07\/Farine-de-chataigne-1323x1536.jpeg 1323w, https:\/\/almanachnaturo.fr\/wp-content\/uploads\/2024\/07\/Farine-de-chataigne-1764x2048.jpeg 1764w\" sizes=\"auto, (max-width: 258px) 100vw, 258px\" \/>base alimentaire pour de nombreux peuples avec ses qualit\u00e9s nutritives et \u00e9nerg\u00e9tiques. C&rsquo;est parmi les aliments \u00ab\u00a0farineux\u00a0\u00bb l&rsquo;un des plus doux et \u00a0plus digeste.<\/p>\n<p>La farine de ch\u00e2taigne est riche en glucides, elle contient aussi en quantit\u00e9 int\u00e9ressante du magn\u00e9sium, du calcium, du phosphore, du mangan\u00e8se, de la vitamine C et B9.<\/p>\n<p>C&rsquo;est probablement la farine la plus parfum\u00e9e avec sa saveur sucr\u00e9e et prononc\u00e9e de ch\u00e2taigne. Elle donne une texture dense aux pr\u00e9parations et un go\u00fbt caract\u00e9ristique que l&rsquo;on peut all\u00e9ger en la m\u00e9langeant \u00e0 d&rsquo;autres farines.<\/p>\n<p><strong>Utilisation\/id\u00e9es<\/strong><\/p>\n<p><em>Elle est employ\u00e9e aussi bien seule qu&rsquo;associ\u00e9e \u00e0 une autre farine.<\/em><\/p>\n<p>&gt;Dans les pains, g\u00e2teaux, cr\u00eapes, blinis, crumbles, sabl\u00e9s, scones, pains d&rsquo;\u00e9pices&#8230;<br \/>\n&gt;Elle donne de la texture et du liant aux entremets, flans, sauces, clafoutis, soupes.<br \/>\n&gt;Elle se marie bien avec le miel, le chocolat, les fruits ol\u00e9agineux&#8230;<br \/>\n&gt;Dans des plats sal\u00e9s, velout\u00e9s, terrines&#8230;<br \/>\n&gt;On la retrouve dans de nombreuses pr\u00e9parations traditionnelles comme la Pulenda Corse ou le Castagnaccio g\u00e2teau Italien agr\u00e9ment\u00e9 de pignons de pin.<\/p>\n<p><span style=\"color: #ff6600;\"><strong><br \/>\nLA FARINE DE PATATE DOUCE<\/strong><\/span><\/p>\n<p><img loading=\"lazy\" decoding=\"async\" class=\"size-medium wp-image-3654 alignright\" src=\"https:\/\/almanachnaturo.fr\/wp-content\/uploads\/2024\/07\/Farine-de-patate-douce-265x300.jpeg\" alt=\"\" width=\"265\" height=\"300\" srcset=\"https:\/\/almanachnaturo.fr\/wp-content\/uploads\/2024\/07\/Farine-de-patate-douce-265x300.jpeg 265w, https:\/\/almanachnaturo.fr\/wp-content\/uploads\/2024\/07\/Farine-de-patate-douce-905x1024.jpeg 905w, https:\/\/almanachnaturo.fr\/wp-content\/uploads\/2024\/07\/Farine-de-patate-douce-768x869.jpeg 768w, https:\/\/almanachnaturo.fr\/wp-content\/uploads\/2024\/07\/Farine-de-patate-douce-1358x1536.jpeg 1358w, https:\/\/almanachnaturo.fr\/wp-content\/uploads\/2024\/07\/Farine-de-patate-douce-1810x2048.jpeg 1810w\" sizes=\"auto, (max-width: 265px) 100vw, 265px\" \/>La patate douce comme la ch\u00e2taigne et la pomme de terre est consid\u00e9r\u00e9e comme un f\u00e9culent doux et digeste du point de vue des naturopathes.<\/p>\n<p>La farine de patate douce contient de la vitamine C, du calcium, du fer, des fibres et des antioxydants. Elle est plut\u00f4t basifiante.<\/p>\n<p>Elle a un go\u00fbt doux et naturellement sucr\u00e9. Certaines farines sont issues de patates douces blanches, d&rsquo;autres de patates douces orang\u00e9es, ces derni\u00e8res conf\u00e8rant une belle couleur aux pr\u00e9parations.<\/p>\n<p><strong>Utilisation\u00a0<\/strong><\/p>\n<p><em>On ne la consomme pas crue, il faut toujours la <span style=\"text-decoration: underline;\">cuire<\/span> .<\/em><br \/>\n<em>Elle s&#8217;emploie seule ou associ\u00e9e \u00e0 d&rsquo;autres farines,<\/em><\/p>\n<p>&gt;Dans les pains, g\u00e2teaux, brownie, gaufres, muffins, sabl\u00e9s, cr\u00eapes, entremets, flans, clafoutis&#8230;<br \/>\n&gt;Dans les plats sal\u00e9s : galettes v\u00e9g\u00e9tales, soupe, gnocchis, pour \u00e9paissir les sauces, les velout\u00e9s, dans les recettes exotiques&#8230; &#8230;<\/p>\n<p><strong><span style=\"color: #ff6600;\"><img loading=\"lazy\" decoding=\"async\" class=\" wp-image-3645 alignleft\" src=\"https:\/\/almanachnaturo.fr\/wp-content\/uploads\/2024\/07\/Farine-de-lin-265x300.jpeg\" alt=\"\" width=\"276\" height=\"312\" srcset=\"https:\/\/almanachnaturo.fr\/wp-content\/uploads\/2024\/07\/Farine-de-lin-265x300.jpeg 265w, https:\/\/almanachnaturo.fr\/wp-content\/uploads\/2024\/07\/Farine-de-lin-904x1024.jpeg 904w, https:\/\/almanachnaturo.fr\/wp-content\/uploads\/2024\/07\/Farine-de-lin-768x870.jpeg 768w, https:\/\/almanachnaturo.fr\/wp-content\/uploads\/2024\/07\/Farine-de-lin-1356x1536.jpeg 1356w, https:\/\/almanachnaturo.fr\/wp-content\/uploads\/2024\/07\/Farine-de-lin-1807x2048.jpeg 1807w\" sizes=\"auto, (max-width: 276px) 100vw, 276px\" \/>LA FARINE DE LIN<\/span><\/strong><\/p>\n<p>Un peu comme pour la farine d&rsquo;amande, on trouve deux types de farine : r\u00e9alis\u00e9e \u00e0 partir de graines d\u00e9barrass\u00e9es de leur huile, on utilise donc le tourteau, ou r\u00e9alis\u00e9e \u00e0 partir de graines simplement broy\u00e9es.<\/p>\n<p>La farine de lin est riche en fibres, en prot\u00e9ines, et pour la version non d\u00e9shuil\u00e9e, riche en om\u00e9ga-3. Pour ne pas trop la d\u00e9naturer, j&rsquo;aime bien utiliser la cuisson vapeur ( voir recette ci-dessous).<\/p>\n<p>Elle a une agr\u00e9able et l\u00e9g\u00e8re saveur de noisette. Sa mouture est plut\u00f4t grossi\u00e8re mais apporte une texture moelleuse aux pr\u00e9parations.<\/p>\n<p><strong>Utilisation\/id\u00e9es<\/strong><\/p>\n<figure id=\"attachment_3616\" aria-describedby=\"caption-attachment-3616\" style=\"width: 225px\" class=\"wp-caption alignright\"><img loading=\"lazy\" decoding=\"async\" class=\"wp-image-3616 size-medium\" src=\"https:\/\/almanachnaturo.fr\/wp-content\/uploads\/2024\/07\/Muffins-framboise-coupe-225x300.jpeg\" alt=\"\" width=\"225\" height=\"300\" srcset=\"https:\/\/almanachnaturo.fr\/wp-content\/uploads\/2024\/07\/Muffins-framboise-coupe-225x300.jpeg 225w, https:\/\/almanachnaturo.fr\/wp-content\/uploads\/2024\/07\/Muffins-framboise-coupe-768x1024.jpeg 768w, https:\/\/almanachnaturo.fr\/wp-content\/uploads\/2024\/07\/Muffins-framboise-coupe-1152x1536.jpeg 1152w, https:\/\/almanachnaturo.fr\/wp-content\/uploads\/2024\/07\/Muffins-framboise-coupe-1536x2048.jpeg 1536w, https:\/\/almanachnaturo.fr\/wp-content\/uploads\/2024\/07\/Muffins-framboise-coupe-scaled.jpeg 1920w\" sizes=\"auto, (max-width: 225px) 100vw, 225px\" \/><figcaption id=\"caption-attachment-3616\" class=\"wp-caption-text\">Muffins vapeur \u00e0 la farine de lin<\/figcaption><\/figure>\n<p><em>Il est recommand\u00e9 de ne pas d\u00e9passer 1 \u00e0 soupe par jour. Donc si l&rsquo;on fait une recette ajuster la dose en cons\u00e9quence.<br \/>\nOn l&rsquo;utilise m\u00e9lang\u00e9e \u00e0 d&rsquo;autres farines <\/em><em>pour des pr\u00e9parations et recettes qui seront <span style=\"text-decoration: underline;\">cuites<\/span>, elle ne se consomme pas \u00e0 froid ou crue.<\/em><\/p>\n<p>&gt; En petite quantit\u00e9 dans les pains, g\u00e2teaux, cakes, scones, muffins, cr\u00eapes, brownie&#8230; <a href=\"https:\/\/almanachnaturo.fr\/?p=3611\"><em><span style=\"color: #ff6600;\">Recette Muffins \u00e0 la vapeur, farine de lin framboise et noix<\/span><\/em><\/a><br \/>\n&gt;Enrichit les recettes sal\u00e9es comme les galettes, terrines v\u00e9g\u00e9tales, cakes sal\u00e9s &#8230;.<\/p>\n<p><span style=\"color: #ff6600;\"><strong><br \/>\nLA FARINE DE CHANVRE<\/strong><\/span><\/p>\n<p>Elle est obtenue \u00e0 partir des graines de chanvres d\u00e9shuil\u00e9es. C&rsquo;est donc le tourteau qui est moulu et compose cette farine.<\/p>\n<p>Riche en prot\u00e9ines, elle contient tous les acides amin\u00e9s essentiels, elle est \u00e9galement riche en fibres et est recherch\u00e9e pour son apport d&rsquo;om\u00e9ga-3.<\/p>\n<p><img loading=\"lazy\" decoding=\"async\" class=\"size-medium wp-image-3647 alignleft\" src=\"https:\/\/almanachnaturo.fr\/wp-content\/uploads\/2024\/07\/Farine-de-chanvre-260x300.jpeg\" alt=\"\" width=\"260\" height=\"300\" srcset=\"https:\/\/almanachnaturo.fr\/wp-content\/uploads\/2024\/07\/Farine-de-chanvre-260x300.jpeg 260w, https:\/\/almanachnaturo.fr\/wp-content\/uploads\/2024\/07\/Farine-de-chanvre-889x1024.jpeg 889w, https:\/\/almanachnaturo.fr\/wp-content\/uploads\/2024\/07\/Farine-de-chanvre-768x885.jpeg 768w, https:\/\/almanachnaturo.fr\/wp-content\/uploads\/2024\/07\/Farine-de-chanvre-1333x1536.jpeg 1333w, https:\/\/almanachnaturo.fr\/wp-content\/uploads\/2024\/07\/Farine-de-chanvre-1778x2048.jpeg 1778w\" sizes=\"auto, (max-width: 260px) 100vw, 260px\" \/>La farine de chanvre a un go\u00fbt prononc\u00e9 avec des notes de noisette, une couleur verte \/ kaki. Elle peut avoir une texture un peu grossi\u00e8re, granuleuse, donnant un aspect \u00ab\u00a0rustique\u00a0\u00bb, tout en apportant du moelleux et de la densit\u00e9 aux pr\u00e9parations. C&rsquo;est pourquoi elle est souvent associ\u00e9e \u00e0 d&rsquo;autres farines.<\/p>\n<p><strong>Ses atouts<br \/>\n<\/strong><br \/>\n&gt;Permet de r\u00e9aliser des boissons et recettes prot\u00e9in\u00e9es \u00a0pour les sportifs, v\u00e9g\u00e9tariens, v\u00e9g\u00e9taliens &#8230;<br \/>\n&gt;\u00c0 l&rsquo;instar d&rsquo;un super-aliment, certaines marques de farine de chanvre s&rsquo;utilisent \u00e0 froid, id\u00e9al pour b\u00e9n\u00e9ficier de ses nutriments et bons acides-gras.<\/p>\n<p><strong>Utilisation<br \/>\n<\/strong><\/p>\n<p><em>On l&rsquo;utilise principalement m\u00e9lang\u00e9e \u00e0 d&rsquo;autres farines.<\/em><\/p>\n<figure id=\"attachment_3699\" aria-describedby=\"caption-attachment-3699\" style=\"width: 225px\" class=\"wp-caption alignright\"><a href=\"https:\/\/almanachnaturo.fr\/?p=3641\"><img loading=\"lazy\" decoding=\"async\" class=\"wp-image-3699 size-medium\" src=\"https:\/\/almanachnaturo.fr\/wp-content\/uploads\/2024\/07\/Cookies-chanvre-3-225x300.jpeg\" alt=\"\" width=\"225\" height=\"300\" srcset=\"https:\/\/almanachnaturo.fr\/wp-content\/uploads\/2024\/07\/Cookies-chanvre-3-225x300.jpeg 225w, https:\/\/almanachnaturo.fr\/wp-content\/uploads\/2024\/07\/Cookies-chanvre-3-768x1024.jpeg 768w, https:\/\/almanachnaturo.fr\/wp-content\/uploads\/2024\/07\/Cookies-chanvre-3-1152x1536.jpeg 1152w, https:\/\/almanachnaturo.fr\/wp-content\/uploads\/2024\/07\/Cookies-chanvre-3-1536x2048.jpeg 1536w, https:\/\/almanachnaturo.fr\/wp-content\/uploads\/2024\/07\/Cookies-chanvre-3-scaled.jpeg 1920w\" sizes=\"auto, (max-width: 225px) 100vw, 225px\" \/><\/a><figcaption id=\"caption-attachment-3699\" class=\"wp-caption-text\">Cookies \u00e0 la farine de chanvre, chocolat blanc et noix de p\u00e9can !<\/figcaption><\/figure>\n<p>&gt; Dans les pains, cakes, g\u00e2teaux, cr\u00eapes, gaufres, muffins, sabl\u00e9s, brownies, scones, pains d&rsquo;\u00e9pices &#8230; <a href=\"https:\/\/almanachnaturo.fr\/?p=3641\">Recette cookies \u00e0 la farine de chanvre, p\u00e9pites chocolat blanc et noix de p\u00e9can<\/a><br \/>\n&gt;Enrichit galettes et terrines v\u00e9g\u00e9tales&#8230;<br \/>\n&gt;Avec certaines marques on peut l&rsquo;utiliser \u00e0 froid, \u00e0 saupoudrer directement dans l&rsquo;assiette sur les desserts, bols de c\u00e9r\u00e9ale, compotes, smoothies, laitages, salades &#8230;<br \/>\nId\u00e9ale dans ce cas pour r\u00e9aliser des recettes crues comme des barres \u00e9nergies, des \u00e9nergy balls&#8230;<\/p>\n<p><span style=\"color: #ff6600;\"><strong><br \/>\nLA FARINE DE MANIOC<\/strong><\/span><\/p>\n<p>Le manioc est un tubercule tr\u00e8s riche en amidon, sa farine est utilis\u00e9e dans des recettes traditionnelles d&rsquo;Afrique et d&rsquo;Am\u00e9rique du Sud.<\/p>\n<p>La farine de manioc est riche en fibres, en glucides, elle contient de la vitamine C, du fer et du calcium.<\/p>\n<p>Elle a un go\u00fbt neutre et doux. Elle apporte de \u00e9lasticit\u00e9 et du liant aux pr\u00e9parations, certaines marques mentionnent qu&rsquo;elle peut remplacer la farine classique dans beaucoup de recettes. Mais pour ma part je ne l&rsquo;ai pas encore test\u00e9e.<\/p>\n<p><strong>Utilisation\/id\u00e9es<\/strong><\/p>\n<p><em>La farine de manioc est destin\u00e9e \u00eatre <u>cuite<\/u>, on ne la consomme pas crue.\u00a0On peut l&#8217;employer seule dans les recettes ou en m\u00e9lange avec d&rsquo;autres farines.<\/em><strong><br \/>\n<\/strong><\/p>\n<p>&gt;Pains, g\u00e2teaux, cakes, cr\u00eapes&#8230;<br \/>\n&gt;Pour \u00e9paissir et donner de la texture aux entremets, flans, bouillies&#8230;<br \/>\n&gt;Pour r\u00e9aliser des porridges, des puddings&#8230;<br \/>\n&gt;Dans les plats sal\u00e9es, pour les sauces, soupes, galettes&#8230;<\/p>\n<p><span style=\"color: #ff6600;\"><strong><br \/>\nLA F\u00c9CULE DE POMME DE TERRE<\/strong><\/span><\/p>\n<p><img loading=\"lazy\" decoding=\"async\" class=\"size-medium wp-image-3651 alignleft\" src=\"https:\/\/almanachnaturo.fr\/wp-content\/uploads\/2024\/07\/IMG_6111-258x300.jpeg\" alt=\"\" width=\"258\" height=\"300\" srcset=\"https:\/\/almanachnaturo.fr\/wp-content\/uploads\/2024\/07\/IMG_6111-258x300.jpeg 258w, https:\/\/almanachnaturo.fr\/wp-content\/uploads\/2024\/07\/IMG_6111-882x1024.jpeg 882w, https:\/\/almanachnaturo.fr\/wp-content\/uploads\/2024\/07\/IMG_6111-768x892.jpeg 768w, https:\/\/almanachnaturo.fr\/wp-content\/uploads\/2024\/07\/IMG_6111-1323x1536.jpeg 1323w, https:\/\/almanachnaturo.fr\/wp-content\/uploads\/2024\/07\/IMG_6111-1763x2048.jpeg 1763w\" sizes=\"auto, (max-width: 258px) 100vw, 258px\" \/>Bien que ce ne soit pas vraiment une \u00ab\u00a0farine\u00a0\u00bb, je la trouve int\u00e9ressante \u00e0 utiliser dans les recettes sans gluten car elle apporte du liant, et de la l\u00e9g\u00e8ret\u00e9 sans modifier les saveurs. Elle permet de r\u00e9aliser des pr\u00e9parations sans c\u00e9r\u00e9ales puisqu&rsquo;elle est issue de la pomme de terre. Cependant elle a des points faibles : il est important de noter que ce n&rsquo;est pas un produit brut car on a extrait l&rsquo;amidon du tubercule. Il faut savoir aussi qu&rsquo;elle est principalement compos\u00e9e de glucides avec un index glyc\u00e9mique tr\u00e8s \u00e9lev\u00e9 et elle contient tr\u00e8s peu de fibres&#8230;<\/p>\n<p>De saveur neutre elle n&rsquo;\u00e9crase pas le go\u00fbt des autres ingr\u00e9dients, sa couleur blanche ne teinte pas les pr\u00e9parations. Elle se m\u00e9lange facilement aux autres \u00e9l\u00e9ments, notamment aux liquides, permettant selon le r\u00e9sultat recherch\u00e9 de lier, d&rsquo;all\u00e9ger, d&rsquo;\u00e9paissir ou de donner du moelleux.<\/p>\n<p><strong>Utilisation\/id\u00e9es<\/strong><\/p>\n<p><em>Toujours <span style=\"text-decoration: underline;\">cuite<\/span>, dans les recettes on l&rsquo;utilise g\u00e9n\u00e9ralement m\u00e9lang\u00e9e \u00e0 d&rsquo;autres farines.<\/em><\/p>\n<p>&gt;Dans les g\u00e2teaux, cakes, biscuits, sabl\u00e9s, cr\u00eapes&#8230;<br \/>\n&gt;Pour \u00e9paissir , lier les sauces, les potages&#8230;<br \/>\n&gt;Pour donner de la texture sans alourdir les entremets, les flans, cr\u00e8mes patissi\u00e8res&#8230;<\/p>\n<figure id=\"attachment_3615\" aria-describedby=\"caption-attachment-3615\" style=\"width: 259px\" class=\"wp-caption aligncenter\"><img loading=\"lazy\" decoding=\"async\" class=\"wp-image-3615\" src=\"https:\/\/almanachnaturo.fr\/wp-content\/uploads\/2024\/07\/muffins1-225x300.jpeg\" alt=\"\" width=\"259\" height=\"345\" srcset=\"https:\/\/almanachnaturo.fr\/wp-content\/uploads\/2024\/07\/muffins1-225x300.jpeg 225w, https:\/\/almanachnaturo.fr\/wp-content\/uploads\/2024\/07\/muffins1-768x1024.jpeg 768w, https:\/\/almanachnaturo.fr\/wp-content\/uploads\/2024\/07\/muffins1-1152x1536.jpeg 1152w, https:\/\/almanachnaturo.fr\/wp-content\/uploads\/2024\/07\/muffins1-1536x2048.jpeg 1536w, https:\/\/almanachnaturo.fr\/wp-content\/uploads\/2024\/07\/muffins1-scaled.jpeg 1920w\" sizes=\"auto, (max-width: 259px) 100vw, 259px\" \/><figcaption id=\"caption-attachment-3615\" class=\"wp-caption-text\">F\u00e9cule et farine de lin dans ces d\u00e9licieux muffins \u00e0 la vapeur (recette plus haut )<\/figcaption><\/figure>\n<p><span style=\"color: #ff6600;\"><strong>Conservation\u00a0<\/strong><\/span><br \/>\nLes farines bio sont des produits bruts avec des nutriments fragiles, il vaut mieux les conserver dans un lieu frais, et on conseille m\u00eame pour certaines de les stocker au frigo une fois le paquet ouvert.<\/p>\n<p>Et voil\u00e0 ! J&rsquo;esp\u00e8re que ce sujet vous a inspir\u00e9 et donn\u00e9 envie de tester ces farines ! N&rsquo;h\u00e9sitez pas \u00e0 me laisser un message !<\/p>\n<div class=\"mceTemp\"><\/div>\n<p>Merci de m&rsquo;avoir lue et bient\u00f4t la deuxi\u00e8me partie avec les farines de c\u00e9r\u00e9ales sans gluten !<\/p>\n<p>Flo<\/p>\n<p>&nbsp;<\/p>\n<p><span style=\"color: #808080;\"><em>Ces conseils ne\u00a0 remplacent pas un avis m\u00e9dical. Si vous \u00eates malade, sous traitement, enceinte, allaitante, enfant, consultez un professionnel de sant\u00e9. Plantes, compl\u00e9ments alimentaires, super -aliments, certains aliments, huiles essentielles ont des contre-indications et pr\u00e9cautions d\u2019emploi, v\u00e9rifiez-les avant toute utilisation.<\/em><\/span><\/p>\n<p>&nbsp;<\/p>\n","protected":false},"excerpt":{"rendered":"<p>Lorsque l&rsquo;on parle de farines naturellement sans gluten, on pense g\u00e9n\u00e9ralement aux farines de c\u00e9r\u00e9ales comme celles de riz, de&hellip; <\/p>\n","protected":false},"author":4,"featured_media":0,"comment_status":"open","ping_status":"closed","sticky":false,"template":"","format":"standard","meta":{"footnotes":""},"categories":[20,15],"tags":[],"class_list":["post-3590","post","type-post","status-publish","format-standard","hentry","category-la-bio","category-recette"],"yoast_head":"<!-- This site is optimized with the Yoast SEO plugin v27.5 - https:\/\/yoast.com\/product\/yoast-seo-wordpress\/ -->\n<title>Naturellement sans gluten : les farines de fruits et l\u00e9gumes - ALMANACH NATURO<\/title>\n<meta name=\"robots\" content=\"index, follow, max-snippet:-1, max-image-preview:large, max-video-preview:-1\" \/>\n<link rel=\"canonical\" href=\"https:\/\/almanachnaturo.fr\/?p=3590\" \/>\n<meta property=\"og:locale\" content=\"fr_FR\" \/>\n<meta property=\"og:type\" content=\"article\" \/>\n<meta property=\"og:title\" content=\"Naturellement sans gluten : les farines de fruits et l\u00e9gumes - ALMANACH NATURO\" \/>\n<meta property=\"og:description\" content=\"Lorsque l&rsquo;on parle de farines naturellement sans gluten, on pense g\u00e9n\u00e9ralement aux farines de c\u00e9r\u00e9ales comme celles de riz, de&hellip;\" \/>\n<meta property=\"og:url\" content=\"https:\/\/almanachnaturo.fr\/?p=3590\" \/>\n<meta property=\"og:site_name\" content=\"ALMANACH NATURO\" \/>\n<meta property=\"article:published_time\" content=\"2024-07-22T05:51:53+00:00\" \/>\n<meta property=\"article:modified_time\" content=\"2024-09-29T18:15:34+00:00\" \/>\n<meta property=\"og:image\" content=\"https:\/\/almanachnaturo.fr\/wp-content\/uploads\/2024\/07\/Farines-de-fruits-et-legumes-1024x629.jpeg\" \/>\n<meta name=\"author\" content=\"Flo\" \/>\n<meta name=\"twitter:card\" content=\"summary_large_image\" \/>\n<meta name=\"twitter:label1\" content=\"\u00c9crit par\" \/>\n\t<meta name=\"twitter:data1\" content=\"Flo\" \/>\n\t<meta name=\"twitter:label2\" content=\"Dur\u00e9e de lecture estim\u00e9e\" \/>\n\t<meta name=\"twitter:data2\" content=\"21 minutes\" \/>\n<script type=\"application\/ld+json\" class=\"yoast-schema-graph\">{\"@context\":\"https:\\\/\\\/schema.org\",\"@graph\":[{\"@type\":\"Article\",\"@id\":\"https:\\\/\\\/almanachnaturo.fr\\\/?p=3590#article\",\"isPartOf\":{\"@id\":\"https:\\\/\\\/almanachnaturo.fr\\\/?p=3590\"},\"author\":{\"name\":\"Flo\",\"@id\":\"https:\\\/\\\/almanachnaturo.fr\\\/#\\\/schema\\\/person\\\/e4c53a2d3d54f3ac591dee2893f5c736\"},\"headline\":\"Naturellement sans gluten : les farines de fruits et l\u00e9gumes\",\"datePublished\":\"2024-07-22T05:51:53+00:00\",\"dateModified\":\"2024-09-29T18:15:34+00:00\",\"mainEntityOfPage\":{\"@id\":\"https:\\\/\\\/almanachnaturo.fr\\\/?p=3590\"},\"wordCount\":4038,\"commentCount\":0,\"publisher\":{\"@id\":\"https:\\\/\\\/almanachnaturo.fr\\\/#organization\"},\"image\":{\"@id\":\"https:\\\/\\\/almanachnaturo.fr\\\/?p=3590#primaryimage\"},\"thumbnailUrl\":\"https:\\\/\\\/almanachnaturo.fr\\\/wp-content\\\/uploads\\\/2024\\\/07\\\/Farines-de-fruits-et-legumes-1024x629.jpeg\",\"articleSection\":[\"La bio\",\"Recette\"],\"inLanguage\":\"fr-FR\",\"potentialAction\":[{\"@type\":\"CommentAction\",\"name\":\"Comment\",\"target\":[\"https:\\\/\\\/almanachnaturo.fr\\\/?p=3590#respond\"]}]},{\"@type\":\"WebPage\",\"@id\":\"https:\\\/\\\/almanachnaturo.fr\\\/?p=3590\",\"url\":\"https:\\\/\\\/almanachnaturo.fr\\\/?p=3590\",\"name\":\"Naturellement sans gluten : les farines de fruits et l\u00e9gumes - ALMANACH NATURO\",\"isPartOf\":{\"@id\":\"https:\\\/\\\/almanachnaturo.fr\\\/#website\"},\"primaryImageOfPage\":{\"@id\":\"https:\\\/\\\/almanachnaturo.fr\\\/?p=3590#primaryimage\"},\"image\":{\"@id\":\"https:\\\/\\\/almanachnaturo.fr\\\/?p=3590#primaryimage\"},\"thumbnailUrl\":\"https:\\\/\\\/almanachnaturo.fr\\\/wp-content\\\/uploads\\\/2024\\\/07\\\/Farines-de-fruits-et-legumes-1024x629.jpeg\",\"datePublished\":\"2024-07-22T05:51:53+00:00\",\"dateModified\":\"2024-09-29T18:15:34+00:00\",\"breadcrumb\":{\"@id\":\"https:\\\/\\\/almanachnaturo.fr\\\/?p=3590#breadcrumb\"},\"inLanguage\":\"fr-FR\",\"potentialAction\":[{\"@type\":\"ReadAction\",\"target\":[\"https:\\\/\\\/almanachnaturo.fr\\\/?p=3590\"]}]},{\"@type\":\"ImageObject\",\"inLanguage\":\"fr-FR\",\"@id\":\"https:\\\/\\\/almanachnaturo.fr\\\/?p=3590#primaryimage\",\"url\":\"https:\\\/\\\/almanachnaturo.fr\\\/wp-content\\\/uploads\\\/2024\\\/07\\\/Farines-de-fruits-et-legumes-scaled.jpeg\",\"contentUrl\":\"https:\\\/\\\/almanachnaturo.fr\\\/wp-content\\\/uploads\\\/2024\\\/07\\\/Farines-de-fruits-et-legumes-scaled.jpeg\",\"width\":2560,\"height\":1573},{\"@type\":\"BreadcrumbList\",\"@id\":\"https:\\\/\\\/almanachnaturo.fr\\\/?p=3590#breadcrumb\",\"itemListElement\":[{\"@type\":\"ListItem\",\"position\":1,\"name\":\"Accueil\",\"item\":\"https:\\\/\\\/almanachnaturo.fr\\\/\"},{\"@type\":\"ListItem\",\"position\":2,\"name\":\"Naturellement sans gluten : les farines de fruits et l\u00e9gumes\"}]},{\"@type\":\"WebSite\",\"@id\":\"https:\\\/\\\/almanachnaturo.fr\\\/#website\",\"url\":\"https:\\\/\\\/almanachnaturo.fr\\\/\",\"name\":\"ALMANACH NATURO\",\"description\":\"soin de soi jour apr\u00e8s jour\",\"publisher\":{\"@id\":\"https:\\\/\\\/almanachnaturo.fr\\\/#organization\"},\"potentialAction\":[{\"@type\":\"SearchAction\",\"target\":{\"@type\":\"EntryPoint\",\"urlTemplate\":\"https:\\\/\\\/almanachnaturo.fr\\\/?s={search_term_string}\"},\"query-input\":{\"@type\":\"PropertyValueSpecification\",\"valueRequired\":true,\"valueName\":\"search_term_string\"}}],\"inLanguage\":\"fr-FR\"},{\"@type\":\"Organization\",\"@id\":\"https:\\\/\\\/almanachnaturo.fr\\\/#organization\",\"name\":\"ALMANACH NATURO\",\"url\":\"https:\\\/\\\/almanachnaturo.fr\\\/\",\"logo\":{\"@type\":\"ImageObject\",\"inLanguage\":\"fr-FR\",\"@id\":\"https:\\\/\\\/almanachnaturo.fr\\\/#\\\/schema\\\/logo\\\/image\\\/\",\"url\":\"https:\\\/\\\/almanachnaturo.fr\\\/wp-content\\\/uploads\\\/2021\\\/04\\\/cropped-cropped-plante-medicinaleshutterstock_568117453-copie-2-1-scaled-1.jpg\",\"contentUrl\":\"https:\\\/\\\/almanachnaturo.fr\\\/wp-content\\\/uploads\\\/2021\\\/04\\\/cropped-cropped-plante-medicinaleshutterstock_568117453-copie-2-1-scaled-1.jpg\",\"width\":2500,\"height\":751,\"caption\":\"ALMANACH NATURO\"},\"image\":{\"@id\":\"https:\\\/\\\/almanachnaturo.fr\\\/#\\\/schema\\\/logo\\\/image\\\/\"}},{\"@type\":\"Person\",\"@id\":\"https:\\\/\\\/almanachnaturo.fr\\\/#\\\/schema\\\/person\\\/e4c53a2d3d54f3ac591dee2893f5c736\",\"name\":\"Flo\",\"image\":{\"@type\":\"ImageObject\",\"inLanguage\":\"fr-FR\",\"@id\":\"https:\\\/\\\/secure.gravatar.com\\\/avatar\\\/9d90d3d902198e9587d225214c7eddb581f3695a2f3f473325d7241e2d267c54?s=96&d=mm&r=g\",\"url\":\"https:\\\/\\\/secure.gravatar.com\\\/avatar\\\/9d90d3d902198e9587d225214c7eddb581f3695a2f3f473325d7241e2d267c54?s=96&d=mm&r=g\",\"contentUrl\":\"https:\\\/\\\/secure.gravatar.com\\\/avatar\\\/9d90d3d902198e9587d225214c7eddb581f3695a2f3f473325d7241e2d267c54?s=96&d=mm&r=g\",\"caption\":\"Flo\"},\"url\":\"https:\\\/\\\/almanachnaturo.fr\\\/?author=4\"}]}<\/script>\n<!-- \/ Yoast SEO plugin. -->","yoast_head_json":{"title":"Naturellement sans gluten : les farines de fruits et l\u00e9gumes - ALMANACH NATURO","robots":{"index":"index","follow":"follow","max-snippet":"max-snippet:-1","max-image-preview":"max-image-preview:large","max-video-preview":"max-video-preview:-1"},"canonical":"https:\/\/almanachnaturo.fr\/?p=3590","og_locale":"fr_FR","og_type":"article","og_title":"Naturellement sans gluten : les farines de fruits et l\u00e9gumes - ALMANACH NATURO","og_description":"Lorsque l&rsquo;on parle de farines naturellement sans gluten, on pense g\u00e9n\u00e9ralement aux farines de c\u00e9r\u00e9ales comme celles de riz, de&hellip;","og_url":"https:\/\/almanachnaturo.fr\/?p=3590","og_site_name":"ALMANACH NATURO","article_published_time":"2024-07-22T05:51:53+00:00","article_modified_time":"2024-09-29T18:15:34+00:00","og_image":[{"url":"https:\/\/almanachnaturo.fr\/wp-content\/uploads\/2024\/07\/Farines-de-fruits-et-legumes-1024x629.jpeg","type":"","width":"","height":""}],"author":"Flo","twitter_card":"summary_large_image","twitter_misc":{"\u00c9crit par":"Flo","Dur\u00e9e de lecture estim\u00e9e":"21 minutes"},"schema":{"@context":"https:\/\/schema.org","@graph":[{"@type":"Article","@id":"https:\/\/almanachnaturo.fr\/?p=3590#article","isPartOf":{"@id":"https:\/\/almanachnaturo.fr\/?p=3590"},"author":{"name":"Flo","@id":"https:\/\/almanachnaturo.fr\/#\/schema\/person\/e4c53a2d3d54f3ac591dee2893f5c736"},"headline":"Naturellement sans gluten : les farines de fruits et l\u00e9gumes","datePublished":"2024-07-22T05:51:53+00:00","dateModified":"2024-09-29T18:15:34+00:00","mainEntityOfPage":{"@id":"https:\/\/almanachnaturo.fr\/?p=3590"},"wordCount":4038,"commentCount":0,"publisher":{"@id":"https:\/\/almanachnaturo.fr\/#organization"},"image":{"@id":"https:\/\/almanachnaturo.fr\/?p=3590#primaryimage"},"thumbnailUrl":"https:\/\/almanachnaturo.fr\/wp-content\/uploads\/2024\/07\/Farines-de-fruits-et-legumes-1024x629.jpeg","articleSection":["La bio","Recette"],"inLanguage":"fr-FR","potentialAction":[{"@type":"CommentAction","name":"Comment","target":["https:\/\/almanachnaturo.fr\/?p=3590#respond"]}]},{"@type":"WebPage","@id":"https:\/\/almanachnaturo.fr\/?p=3590","url":"https:\/\/almanachnaturo.fr\/?p=3590","name":"Naturellement sans gluten : les farines de fruits et l\u00e9gumes - ALMANACH NATURO","isPartOf":{"@id":"https:\/\/almanachnaturo.fr\/#website"},"primaryImageOfPage":{"@id":"https:\/\/almanachnaturo.fr\/?p=3590#primaryimage"},"image":{"@id":"https:\/\/almanachnaturo.fr\/?p=3590#primaryimage"},"thumbnailUrl":"https:\/\/almanachnaturo.fr\/wp-content\/uploads\/2024\/07\/Farines-de-fruits-et-legumes-1024x629.jpeg","datePublished":"2024-07-22T05:51:53+00:00","dateModified":"2024-09-29T18:15:34+00:00","breadcrumb":{"@id":"https:\/\/almanachnaturo.fr\/?p=3590#breadcrumb"},"inLanguage":"fr-FR","potentialAction":[{"@type":"ReadAction","target":["https:\/\/almanachnaturo.fr\/?p=3590"]}]},{"@type":"ImageObject","inLanguage":"fr-FR","@id":"https:\/\/almanachnaturo.fr\/?p=3590#primaryimage","url":"https:\/\/almanachnaturo.fr\/wp-content\/uploads\/2024\/07\/Farines-de-fruits-et-legumes-scaled.jpeg","contentUrl":"https:\/\/almanachnaturo.fr\/wp-content\/uploads\/2024\/07\/Farines-de-fruits-et-legumes-scaled.jpeg","width":2560,"height":1573},{"@type":"BreadcrumbList","@id":"https:\/\/almanachnaturo.fr\/?p=3590#breadcrumb","itemListElement":[{"@type":"ListItem","position":1,"name":"Accueil","item":"https:\/\/almanachnaturo.fr\/"},{"@type":"ListItem","position":2,"name":"Naturellement sans gluten : les farines de fruits et l\u00e9gumes"}]},{"@type":"WebSite","@id":"https:\/\/almanachnaturo.fr\/#website","url":"https:\/\/almanachnaturo.fr\/","name":"ALMANACH NATURO","description":"soin de soi jour apr\u00e8s jour","publisher":{"@id":"https:\/\/almanachnaturo.fr\/#organization"},"potentialAction":[{"@type":"SearchAction","target":{"@type":"EntryPoint","urlTemplate":"https:\/\/almanachnaturo.fr\/?s={search_term_string}"},"query-input":{"@type":"PropertyValueSpecification","valueRequired":true,"valueName":"search_term_string"}}],"inLanguage":"fr-FR"},{"@type":"Organization","@id":"https:\/\/almanachnaturo.fr\/#organization","name":"ALMANACH NATURO","url":"https:\/\/almanachnaturo.fr\/","logo":{"@type":"ImageObject","inLanguage":"fr-FR","@id":"https:\/\/almanachnaturo.fr\/#\/schema\/logo\/image\/","url":"https:\/\/almanachnaturo.fr\/wp-content\/uploads\/2021\/04\/cropped-cropped-plante-medicinaleshutterstock_568117453-copie-2-1-scaled-1.jpg","contentUrl":"https:\/\/almanachnaturo.fr\/wp-content\/uploads\/2021\/04\/cropped-cropped-plante-medicinaleshutterstock_568117453-copie-2-1-scaled-1.jpg","width":2500,"height":751,"caption":"ALMANACH NATURO"},"image":{"@id":"https:\/\/almanachnaturo.fr\/#\/schema\/logo\/image\/"}},{"@type":"Person","@id":"https:\/\/almanachnaturo.fr\/#\/schema\/person\/e4c53a2d3d54f3ac591dee2893f5c736","name":"Flo","image":{"@type":"ImageObject","inLanguage":"fr-FR","@id":"https:\/\/secure.gravatar.com\/avatar\/9d90d3d902198e9587d225214c7eddb581f3695a2f3f473325d7241e2d267c54?s=96&d=mm&r=g","url":"https:\/\/secure.gravatar.com\/avatar\/9d90d3d902198e9587d225214c7eddb581f3695a2f3f473325d7241e2d267c54?s=96&d=mm&r=g","contentUrl":"https:\/\/secure.gravatar.com\/avatar\/9d90d3d902198e9587d225214c7eddb581f3695a2f3f473325d7241e2d267c54?s=96&d=mm&r=g","caption":"Flo"},"url":"https:\/\/almanachnaturo.fr\/?author=4"}]}},"_links":{"self":[{"href":"https:\/\/almanachnaturo.fr\/index.php?rest_route=\/wp\/v2\/posts\/3590","targetHints":{"allow":["GET"]}}],"collection":[{"href":"https:\/\/almanachnaturo.fr\/index.php?rest_route=\/wp\/v2\/posts"}],"about":[{"href":"https:\/\/almanachnaturo.fr\/index.php?rest_route=\/wp\/v2\/types\/post"}],"author":[{"embeddable":true,"href":"https:\/\/almanachnaturo.fr\/index.php?rest_route=\/wp\/v2\/users\/4"}],"replies":[{"embeddable":true,"href":"https:\/\/almanachnaturo.fr\/index.php?rest_route=%2Fwp%2Fv2%2Fcomments&post=3590"}],"version-history":[{"count":52,"href":"https:\/\/almanachnaturo.fr\/index.php?rest_route=\/wp\/v2\/posts\/3590\/revisions"}],"predecessor-version":[{"id":3928,"href":"https:\/\/almanachnaturo.fr\/index.php?rest_route=\/wp\/v2\/posts\/3590\/revisions\/3928"}],"wp:attachment":[{"href":"https:\/\/almanachnaturo.fr\/index.php?rest_route=%2Fwp%2Fv2%2Fmedia&parent=3590"}],"wp:term":[{"taxonomy":"category","embeddable":true,"href":"https:\/\/almanachnaturo.fr\/index.php?rest_route=%2Fwp%2Fv2%2Fcategories&post=3590"},{"taxonomy":"post_tag","embeddable":true,"href":"https:\/\/almanachnaturo.fr\/index.php?rest_route=%2Fwp%2Fv2%2Ftags&post=3590"}],"curies":[{"name":"wp","href":"https:\/\/api.w.org\/{rel}","templated":true}]}}