{"id":1079,"date":"2020-12-12T08:48:06","date_gmt":"2020-12-12T07:48:06","guid":{"rendered":"http:\/\/almanachnaturo.fr\/?p=1079"},"modified":"2020-12-12T08:55:23","modified_gmt":"2020-12-12T07:55:23","slug":"pommes-vapeur-a-la-cannelle-et-anis-etoile","status":"publish","type":"post","link":"https:\/\/almanachnaturo.fr\/?p=1079","title":{"rendered":"Pommes vapeur \u00e0 la cannelle et anis \u00e9toil\u00e9"},"content":{"rendered":"<p>&nbsp;<\/p>\n<figure id=\"attachment_1070\" aria-describedby=\"caption-attachment-1070\" style=\"width: 176px\" class=\"wp-caption alignleft\"><img loading=\"lazy\" decoding=\"async\" class=\"wp-image-1070 \" src=\"http:\/\/almanachnaturo.fr\/wp-content\/uploads\/2020\/12\/IMG-8849-225x300.jpg\" alt=\"\" width=\"176\" height=\"234\" srcset=\"https:\/\/almanachnaturo.fr\/wp-content\/uploads\/2020\/12\/IMG-8849-225x300.jpg 225w, https:\/\/almanachnaturo.fr\/wp-content\/uploads\/2020\/12\/IMG-8849-768x1024.jpg 768w, https:\/\/almanachnaturo.fr\/wp-content\/uploads\/2020\/12\/IMG-8849-1152x1536.jpg 1152w, https:\/\/almanachnaturo.fr\/wp-content\/uploads\/2020\/12\/IMG-8849-1536x2048.jpg 1536w, https:\/\/almanachnaturo.fr\/wp-content\/uploads\/2020\/12\/IMG-8849-scaled.jpg 1920w\" sizes=\"auto, (max-width: 176px) 100vw, 176px\" \/><figcaption id=\"caption-attachment-1070\" class=\"wp-caption-text\">Super fondantes<\/figcaption><\/figure>\n<p>Voici une recette totalement naturo, (m\u00eame si il y a de la cuisson) z\u00e9ro d\u00e9chet et plus encore. Les pommes cuites sont a la fois gourmandes digestes et r\u00e9confortantes. C\u2019est l\u2019une des meilleures option en saison froide lorsque l\u2019on a fait des exc\u00e8s, que l\u2019on doit manger le moins possible mais que l\u2019on a faim. A servir en dessert, au petit d\u00e9jeuner. Mieux encore, en monodi\u00e8te sur un repas ou sur deux trois jours pour une cure d\u00e9tox facile.<!--more--><\/p>\n<p><strong><span style=\"color: #ff6600;\">La recette<br \/>\n<\/span><\/strong><br \/>\nSuper bonne et super simple avec trois ingr\u00e9dients seulement ! Choisissez des pommes qui se tiennent \u00e0 la cuisson afin qu\u2019elles ne se transforment pas en compote : reinette, golden, royal gala. Le mode de cuisson vapeur est le meilleur pour pr\u00e9server au maximum les nutriments de l\u2019aliment.<\/p>\n<p><span style=\"color: #ff6600;\">Mat\u00e9riel<img loading=\"lazy\" decoding=\"async\" class=\" wp-image-1071 alignright\" src=\"http:\/\/almanachnaturo.fr\/wp-content\/uploads\/2020\/12\/IMG-8840-300x225.jpg\" alt=\"\" width=\"260\" height=\"195\" srcset=\"https:\/\/almanachnaturo.fr\/wp-content\/uploads\/2020\/12\/IMG-8840-300x225.jpg 300w, https:\/\/almanachnaturo.fr\/wp-content\/uploads\/2020\/12\/IMG-8840-1024x768.jpg 1024w, https:\/\/almanachnaturo.fr\/wp-content\/uploads\/2020\/12\/IMG-8840-768x576.jpg 768w, https:\/\/almanachnaturo.fr\/wp-content\/uploads\/2020\/12\/IMG-8840-1536x1152.jpg 1536w, https:\/\/almanachnaturo.fr\/wp-content\/uploads\/2020\/12\/IMG-8840-2048x1536.jpg 2048w\" sizes=\"auto, (max-width: 260px) 100vw, 260px\" \/><\/span><br \/>\n-Couscoussier<br \/>\nOu casserole + panier vapeur ou marguerite<br \/>\n-Couteau \u00e9conome<\/p>\n<p><span style=\"color: #ff6600;\">Ingr\u00e9dients<\/span><br \/>\n-4 pommes<br \/>\n-Cannelle en poudre<br \/>\n-Anis \u00e9toil\u00e9<\/p>\n<p>Lavez, \u00e9videz et \u00e9pluchez les pommes (ne jetez pas les pelures).<br \/>\nDisposez les dans le panier vapeur.<br \/>\nSaupoudrez -les de cannelle et mettez de l\u2019anis \u00e9toil\u00e9.<br \/>\n<img loading=\"lazy\" decoding=\"async\" class=\" wp-image-1069 alignleft\" src=\"http:\/\/almanachnaturo.fr\/wp-content\/uploads\/2020\/12\/IMG-8842-300x225.jpg\" alt=\"\" width=\"267\" height=\"200\" srcset=\"https:\/\/almanachnaturo.fr\/wp-content\/uploads\/2020\/12\/IMG-8842-300x225.jpg 300w, https:\/\/almanachnaturo.fr\/wp-content\/uploads\/2020\/12\/IMG-8842-1024x768.jpg 1024w, https:\/\/almanachnaturo.fr\/wp-content\/uploads\/2020\/12\/IMG-8842-768x576.jpg 768w, https:\/\/almanachnaturo.fr\/wp-content\/uploads\/2020\/12\/IMG-8842-1536x1152.jpg 1536w, https:\/\/almanachnaturo.fr\/wp-content\/uploads\/2020\/12\/IMG-8842-2048x1536.jpg 2048w\" sizes=\"auto, (max-width: 267px) 100vw, 267px\" \/>Mettez \u00e0 chauffer de l\u2019eau dans la casserole, lorsqu\u2019elle bout ajustez le panier vapeur, et couvrez.<br \/>\nLaissez cuire 15 \u00e0 20mn environ jusqu\u2019\u00e0 ce que les pommes soient bien fondantes.<br \/>\nMangez-les chaudes, ti\u00e8des ou froides.<\/p>\n<p>&gt;L\u2019eau de cuisson se transforme en une <span style=\"color: #ff6600;\">d\u00e9licieuse boisson chaude<\/span> aromatis\u00e9e et naturellement sucr\u00e9e.<br \/>\n&gt;Utilisez les <span style=\"color: #ff6600;\">pelures de pommes pour une d\u00e9coction<\/span> : faites-les bouillir 5 mn dans une casserole d\u2019eau avec une rondelle de citron, un b\u00e2ton de cannelle et servez avec un peu de miel. La d\u00e9coction de pelures de pomme est \u00e9tonnamment d\u00e9licieuse.<br \/>\n&gt;Les pelures dans un bocal se conservent au frigo quelques jours.<\/p>\n<figure id=\"attachment_1093\" aria-describedby=\"caption-attachment-1093\" style=\"width: 300px\" class=\"wp-caption aligncenter\"><img loading=\"lazy\" decoding=\"async\" class=\"wp-image-1093 size-medium\" src=\"http:\/\/almanachnaturo.fr\/wp-content\/uploads\/2020\/12\/IMG-8852-300x225.jpg\" alt=\"\" width=\"300\" height=\"225\" srcset=\"https:\/\/almanachnaturo.fr\/wp-content\/uploads\/2020\/12\/IMG-8852-300x225.jpg 300w, https:\/\/almanachnaturo.fr\/wp-content\/uploads\/2020\/12\/IMG-8852-1024x768.jpg 1024w, https:\/\/almanachnaturo.fr\/wp-content\/uploads\/2020\/12\/IMG-8852-768x576.jpg 768w, https:\/\/almanachnaturo.fr\/wp-content\/uploads\/2020\/12\/IMG-8852-1536x1152.jpg 1536w, https:\/\/almanachnaturo.fr\/wp-content\/uploads\/2020\/12\/IMG-8852-2048x1536.jpg 2048w\" sizes=\"auto, (max-width: 300px) 100vw, 300px\" \/><figcaption id=\"caption-attachment-1093\" class=\"wp-caption-text\">D\u00e9coction de pelures de pommes<\/figcaption><\/figure>\n","protected":false},"excerpt":{"rendered":"<p>&nbsp; Voici une recette totalement naturo, (m\u00eame si il y a de la cuisson) z\u00e9ro d\u00e9chet et plus encore. Les&hellip; <\/p>\n","protected":false},"author":4,"featured_media":0,"comment_status":"open","ping_status":"closed","sticky":false,"template":"","format":"standard","meta":{"footnotes":""},"categories":[1,16,15],"tags":[],"class_list":["post-1079","post","type-post","status-publish","format-standard","hentry","category-non-classe","category-hygiene-physique","category-recette"],"yoast_head":"<!-- This site is optimized with the Yoast SEO plugin v27.5 - https:\/\/yoast.com\/product\/yoast-seo-wordpress\/ -->\n<title>Pommes vapeur \u00e0 la cannelle et anis \u00e9toil\u00e9 - ALMANACH NATURO<\/title>\n<meta name=\"robots\" content=\"index, follow, max-snippet:-1, max-image-preview:large, max-video-preview:-1\" \/>\n<link rel=\"canonical\" href=\"https:\/\/almanachnaturo.fr\/?p=1079\" \/>\n<meta property=\"og:locale\" content=\"fr_FR\" \/>\n<meta property=\"og:type\" content=\"article\" \/>\n<meta property=\"og:title\" content=\"Pommes vapeur \u00e0 la cannelle et anis \u00e9toil\u00e9 - ALMANACH NATURO\" \/>\n<meta property=\"og:description\" content=\"&nbsp; Voici une recette totalement naturo, (m\u00eame si il y a de la cuisson) z\u00e9ro d\u00e9chet et plus encore. Les&hellip;\" \/>\n<meta property=\"og:url\" content=\"https:\/\/almanachnaturo.fr\/?p=1079\" \/>\n<meta property=\"og:site_name\" content=\"ALMANACH NATURO\" \/>\n<meta property=\"article:published_time\" content=\"2020-12-12T07:48:06+00:00\" \/>\n<meta property=\"article:modified_time\" content=\"2020-12-12T07:55:23+00:00\" \/>\n<meta property=\"og:image\" content=\"http:\/\/almanachnaturo.fr\/wp-content\/uploads\/2020\/12\/IMG-8849-225x300.jpg\" \/>\n<meta name=\"author\" content=\"Flo\" \/>\n<meta name=\"twitter:card\" content=\"summary_large_image\" \/>\n<meta name=\"twitter:label1\" content=\"\u00c9crit par\" \/>\n\t<meta name=\"twitter:data1\" content=\"Flo\" \/>\n\t<meta name=\"twitter:label2\" content=\"Dur\u00e9e de lecture estim\u00e9e\" \/>\n\t<meta name=\"twitter:data2\" content=\"2 minutes\" \/>\n<script type=\"application\/ld+json\" class=\"yoast-schema-graph\">{\"@context\":\"https:\\\/\\\/schema.org\",\"@graph\":[{\"@type\":\"Article\",\"@id\":\"https:\\\/\\\/almanachnaturo.fr\\\/?p=1079#article\",\"isPartOf\":{\"@id\":\"https:\\\/\\\/almanachnaturo.fr\\\/?p=1079\"},\"author\":{\"name\":\"Flo\",\"@id\":\"https:\\\/\\\/almanachnaturo.fr\\\/#\\\/schema\\\/person\\\/e4c53a2d3d54f3ac591dee2893f5c736\"},\"headline\":\"Pommes vapeur \u00e0 la cannelle et anis \u00e9toil\u00e9\",\"datePublished\":\"2020-12-12T07:48:06+00:00\",\"dateModified\":\"2020-12-12T07:55:23+00:00\",\"mainEntityOfPage\":{\"@id\":\"https:\\\/\\\/almanachnaturo.fr\\\/?p=1079\"},\"wordCount\":332,\"commentCount\":0,\"publisher\":{\"@id\":\"https:\\\/\\\/almanachnaturo.fr\\\/#organization\"},\"image\":{\"@id\":\"https:\\\/\\\/almanachnaturo.fr\\\/?p=1079#primaryimage\"},\"thumbnailUrl\":\"http:\\\/\\\/almanachnaturo.fr\\\/wp-content\\\/uploads\\\/2020\\\/12\\\/IMG-8849-225x300.jpg\",\"articleSection\":{\"1\":\"Physique\",\"2\":\"Recette\"},\"inLanguage\":\"fr-FR\",\"potentialAction\":[{\"@type\":\"CommentAction\",\"name\":\"Comment\",\"target\":[\"https:\\\/\\\/almanachnaturo.fr\\\/?p=1079#respond\"]}]},{\"@type\":\"WebPage\",\"@id\":\"https:\\\/\\\/almanachnaturo.fr\\\/?p=1079\",\"url\":\"https:\\\/\\\/almanachnaturo.fr\\\/?p=1079\",\"name\":\"Pommes vapeur \u00e0 la cannelle et anis \u00e9toil\u00e9 - ALMANACH NATURO\",\"isPartOf\":{\"@id\":\"https:\\\/\\\/almanachnaturo.fr\\\/#website\"},\"primaryImageOfPage\":{\"@id\":\"https:\\\/\\\/almanachnaturo.fr\\\/?p=1079#primaryimage\"},\"image\":{\"@id\":\"https:\\\/\\\/almanachnaturo.fr\\\/?p=1079#primaryimage\"},\"thumbnailUrl\":\"http:\\\/\\\/almanachnaturo.fr\\\/wp-content\\\/uploads\\\/2020\\\/12\\\/IMG-8849-225x300.jpg\",\"datePublished\":\"2020-12-12T07:48:06+00:00\",\"dateModified\":\"2020-12-12T07:55:23+00:00\",\"breadcrumb\":{\"@id\":\"https:\\\/\\\/almanachnaturo.fr\\\/?p=1079#breadcrumb\"},\"inLanguage\":\"fr-FR\",\"potentialAction\":[{\"@type\":\"ReadAction\",\"target\":[\"https:\\\/\\\/almanachnaturo.fr\\\/?p=1079\"]}]},{\"@type\":\"ImageObject\",\"inLanguage\":\"fr-FR\",\"@id\":\"https:\\\/\\\/almanachnaturo.fr\\\/?p=1079#primaryimage\",\"url\":\"https:\\\/\\\/almanachnaturo.fr\\\/wp-content\\\/uploads\\\/2020\\\/12\\\/IMG-8849-scaled.jpg\",\"contentUrl\":\"https:\\\/\\\/almanachnaturo.fr\\\/wp-content\\\/uploads\\\/2020\\\/12\\\/IMG-8849-scaled.jpg\",\"width\":1920,\"height\":2560},{\"@type\":\"BreadcrumbList\",\"@id\":\"https:\\\/\\\/almanachnaturo.fr\\\/?p=1079#breadcrumb\",\"itemListElement\":[{\"@type\":\"ListItem\",\"position\":1,\"name\":\"Accueil\",\"item\":\"https:\\\/\\\/almanachnaturo.fr\\\/\"},{\"@type\":\"ListItem\",\"position\":2,\"name\":\"Pommes vapeur \u00e0 la cannelle et anis \u00e9toil\u00e9\"}]},{\"@type\":\"WebSite\",\"@id\":\"https:\\\/\\\/almanachnaturo.fr\\\/#website\",\"url\":\"https:\\\/\\\/almanachnaturo.fr\\\/\",\"name\":\"ALMANACH NATURO\",\"description\":\"soin de soi jour apr\u00e8s jour\",\"publisher\":{\"@id\":\"https:\\\/\\\/almanachnaturo.fr\\\/#organization\"},\"potentialAction\":[{\"@type\":\"SearchAction\",\"target\":{\"@type\":\"EntryPoint\",\"urlTemplate\":\"https:\\\/\\\/almanachnaturo.fr\\\/?s={search_term_string}\"},\"query-input\":{\"@type\":\"PropertyValueSpecification\",\"valueRequired\":true,\"valueName\":\"search_term_string\"}}],\"inLanguage\":\"fr-FR\"},{\"@type\":\"Organization\",\"@id\":\"https:\\\/\\\/almanachnaturo.fr\\\/#organization\",\"name\":\"ALMANACH NATURO\",\"url\":\"https:\\\/\\\/almanachnaturo.fr\\\/\",\"logo\":{\"@type\":\"ImageObject\",\"inLanguage\":\"fr-FR\",\"@id\":\"https:\\\/\\\/almanachnaturo.fr\\\/#\\\/schema\\\/logo\\\/image\\\/\",\"url\":\"https:\\\/\\\/almanachnaturo.fr\\\/wp-content\\\/uploads\\\/2021\\\/04\\\/cropped-cropped-plante-medicinaleshutterstock_568117453-copie-2-1-scaled-1.jpg\",\"contentUrl\":\"https:\\\/\\\/almanachnaturo.fr\\\/wp-content\\\/uploads\\\/2021\\\/04\\\/cropped-cropped-plante-medicinaleshutterstock_568117453-copie-2-1-scaled-1.jpg\",\"width\":2500,\"height\":751,\"caption\":\"ALMANACH NATURO\"},\"image\":{\"@id\":\"https:\\\/\\\/almanachnaturo.fr\\\/#\\\/schema\\\/logo\\\/image\\\/\"}},{\"@type\":\"Person\",\"@id\":\"https:\\\/\\\/almanachnaturo.fr\\\/#\\\/schema\\\/person\\\/e4c53a2d3d54f3ac591dee2893f5c736\",\"name\":\"Flo\",\"image\":{\"@type\":\"ImageObject\",\"inLanguage\":\"fr-FR\",\"@id\":\"https:\\\/\\\/secure.gravatar.com\\\/avatar\\\/9d90d3d902198e9587d225214c7eddb581f3695a2f3f473325d7241e2d267c54?s=96&d=mm&r=g\",\"url\":\"https:\\\/\\\/secure.gravatar.com\\\/avatar\\\/9d90d3d902198e9587d225214c7eddb581f3695a2f3f473325d7241e2d267c54?s=96&d=mm&r=g\",\"contentUrl\":\"https:\\\/\\\/secure.gravatar.com\\\/avatar\\\/9d90d3d902198e9587d225214c7eddb581f3695a2f3f473325d7241e2d267c54?s=96&d=mm&r=g\",\"caption\":\"Flo\"},\"url\":\"https:\\\/\\\/almanachnaturo.fr\\\/?author=4\"}]}<\/script>\n<!-- \/ Yoast SEO plugin. -->","yoast_head_json":{"title":"Pommes vapeur \u00e0 la cannelle et anis \u00e9toil\u00e9 - ALMANACH NATURO","robots":{"index":"index","follow":"follow","max-snippet":"max-snippet:-1","max-image-preview":"max-image-preview:large","max-video-preview":"max-video-preview:-1"},"canonical":"https:\/\/almanachnaturo.fr\/?p=1079","og_locale":"fr_FR","og_type":"article","og_title":"Pommes vapeur \u00e0 la cannelle et anis \u00e9toil\u00e9 - ALMANACH NATURO","og_description":"&nbsp; Voici une recette totalement naturo, (m\u00eame si il y a de la cuisson) z\u00e9ro d\u00e9chet et plus encore. Les&hellip;","og_url":"https:\/\/almanachnaturo.fr\/?p=1079","og_site_name":"ALMANACH NATURO","article_published_time":"2020-12-12T07:48:06+00:00","article_modified_time":"2020-12-12T07:55:23+00:00","og_image":[{"url":"http:\/\/almanachnaturo.fr\/wp-content\/uploads\/2020\/12\/IMG-8849-225x300.jpg","type":"","width":"","height":""}],"author":"Flo","twitter_card":"summary_large_image","twitter_misc":{"\u00c9crit par":"Flo","Dur\u00e9e de lecture estim\u00e9e":"2 minutes"},"schema":{"@context":"https:\/\/schema.org","@graph":[{"@type":"Article","@id":"https:\/\/almanachnaturo.fr\/?p=1079#article","isPartOf":{"@id":"https:\/\/almanachnaturo.fr\/?p=1079"},"author":{"name":"Flo","@id":"https:\/\/almanachnaturo.fr\/#\/schema\/person\/e4c53a2d3d54f3ac591dee2893f5c736"},"headline":"Pommes vapeur \u00e0 la cannelle et anis \u00e9toil\u00e9","datePublished":"2020-12-12T07:48:06+00:00","dateModified":"2020-12-12T07:55:23+00:00","mainEntityOfPage":{"@id":"https:\/\/almanachnaturo.fr\/?p=1079"},"wordCount":332,"commentCount":0,"publisher":{"@id":"https:\/\/almanachnaturo.fr\/#organization"},"image":{"@id":"https:\/\/almanachnaturo.fr\/?p=1079#primaryimage"},"thumbnailUrl":"http:\/\/almanachnaturo.fr\/wp-content\/uploads\/2020\/12\/IMG-8849-225x300.jpg","articleSection":{"1":"Physique","2":"Recette"},"inLanguage":"fr-FR","potentialAction":[{"@type":"CommentAction","name":"Comment","target":["https:\/\/almanachnaturo.fr\/?p=1079#respond"]}]},{"@type":"WebPage","@id":"https:\/\/almanachnaturo.fr\/?p=1079","url":"https:\/\/almanachnaturo.fr\/?p=1079","name":"Pommes vapeur \u00e0 la cannelle et anis \u00e9toil\u00e9 - ALMANACH NATURO","isPartOf":{"@id":"https:\/\/almanachnaturo.fr\/#website"},"primaryImageOfPage":{"@id":"https:\/\/almanachnaturo.fr\/?p=1079#primaryimage"},"image":{"@id":"https:\/\/almanachnaturo.fr\/?p=1079#primaryimage"},"thumbnailUrl":"http:\/\/almanachnaturo.fr\/wp-content\/uploads\/2020\/12\/IMG-8849-225x300.jpg","datePublished":"2020-12-12T07:48:06+00:00","dateModified":"2020-12-12T07:55:23+00:00","breadcrumb":{"@id":"https:\/\/almanachnaturo.fr\/?p=1079#breadcrumb"},"inLanguage":"fr-FR","potentialAction":[{"@type":"ReadAction","target":["https:\/\/almanachnaturo.fr\/?p=1079"]}]},{"@type":"ImageObject","inLanguage":"fr-FR","@id":"https:\/\/almanachnaturo.fr\/?p=1079#primaryimage","url":"https:\/\/almanachnaturo.fr\/wp-content\/uploads\/2020\/12\/IMG-8849-scaled.jpg","contentUrl":"https:\/\/almanachnaturo.fr\/wp-content\/uploads\/2020\/12\/IMG-8849-scaled.jpg","width":1920,"height":2560},{"@type":"BreadcrumbList","@id":"https:\/\/almanachnaturo.fr\/?p=1079#breadcrumb","itemListElement":[{"@type":"ListItem","position":1,"name":"Accueil","item":"https:\/\/almanachnaturo.fr\/"},{"@type":"ListItem","position":2,"name":"Pommes vapeur \u00e0 la cannelle et anis \u00e9toil\u00e9"}]},{"@type":"WebSite","@id":"https:\/\/almanachnaturo.fr\/#website","url":"https:\/\/almanachnaturo.fr\/","name":"ALMANACH NATURO","description":"soin de soi jour apr\u00e8s jour","publisher":{"@id":"https:\/\/almanachnaturo.fr\/#organization"},"potentialAction":[{"@type":"SearchAction","target":{"@type":"EntryPoint","urlTemplate":"https:\/\/almanachnaturo.fr\/?s={search_term_string}"},"query-input":{"@type":"PropertyValueSpecification","valueRequired":true,"valueName":"search_term_string"}}],"inLanguage":"fr-FR"},{"@type":"Organization","@id":"https:\/\/almanachnaturo.fr\/#organization","name":"ALMANACH NATURO","url":"https:\/\/almanachnaturo.fr\/","logo":{"@type":"ImageObject","inLanguage":"fr-FR","@id":"https:\/\/almanachnaturo.fr\/#\/schema\/logo\/image\/","url":"https:\/\/almanachnaturo.fr\/wp-content\/uploads\/2021\/04\/cropped-cropped-plante-medicinaleshutterstock_568117453-copie-2-1-scaled-1.jpg","contentUrl":"https:\/\/almanachnaturo.fr\/wp-content\/uploads\/2021\/04\/cropped-cropped-plante-medicinaleshutterstock_568117453-copie-2-1-scaled-1.jpg","width":2500,"height":751,"caption":"ALMANACH NATURO"},"image":{"@id":"https:\/\/almanachnaturo.fr\/#\/schema\/logo\/image\/"}},{"@type":"Person","@id":"https:\/\/almanachnaturo.fr\/#\/schema\/person\/e4c53a2d3d54f3ac591dee2893f5c736","name":"Flo","image":{"@type":"ImageObject","inLanguage":"fr-FR","@id":"https:\/\/secure.gravatar.com\/avatar\/9d90d3d902198e9587d225214c7eddb581f3695a2f3f473325d7241e2d267c54?s=96&d=mm&r=g","url":"https:\/\/secure.gravatar.com\/avatar\/9d90d3d902198e9587d225214c7eddb581f3695a2f3f473325d7241e2d267c54?s=96&d=mm&r=g","contentUrl":"https:\/\/secure.gravatar.com\/avatar\/9d90d3d902198e9587d225214c7eddb581f3695a2f3f473325d7241e2d267c54?s=96&d=mm&r=g","caption":"Flo"},"url":"https:\/\/almanachnaturo.fr\/?author=4"}]}},"_links":{"self":[{"href":"https:\/\/almanachnaturo.fr\/index.php?rest_route=\/wp\/v2\/posts\/1079","targetHints":{"allow":["GET"]}}],"collection":[{"href":"https:\/\/almanachnaturo.fr\/index.php?rest_route=\/wp\/v2\/posts"}],"about":[{"href":"https:\/\/almanachnaturo.fr\/index.php?rest_route=\/wp\/v2\/types\/post"}],"author":[{"embeddable":true,"href":"https:\/\/almanachnaturo.fr\/index.php?rest_route=\/wp\/v2\/users\/4"}],"replies":[{"embeddable":true,"href":"https:\/\/almanachnaturo.fr\/index.php?rest_route=%2Fwp%2Fv2%2Fcomments&post=1079"}],"version-history":[{"count":0,"href":"https:\/\/almanachnaturo.fr\/index.php?rest_route=\/wp\/v2\/posts\/1079\/revisions"}],"wp:attachment":[{"href":"https:\/\/almanachnaturo.fr\/index.php?rest_route=%2Fwp%2Fv2%2Fmedia&parent=1079"}],"wp:term":[{"taxonomy":"category","embeddable":true,"href":"https:\/\/almanachnaturo.fr\/index.php?rest_route=%2Fwp%2Fv2%2Fcategories&post=1079"},{"taxonomy":"post_tag","embeddable":true,"href":"https:\/\/almanachnaturo.fr\/index.php?rest_route=%2Fwp%2Fv2%2Ftags&post=1079"}],"curies":[{"name":"wp","href":"https:\/\/api.w.org\/{rel}","templated":true}]}}